{"id":443,"date":"2017-07-12T20:45:27","date_gmt":"2017-07-12T20:45:27","guid":{"rendered":"http:\/\/blocs.mesvilaweb.cat\/Xambo\/?p=267521"},"modified":"2017-07-12T20:45:27","modified_gmt":"2017-07-12T20:45:27","slug":"la-meua-resposta","status":"publish","type":"post","link":"http:\/\/www.rafaxambo.net\/?p=443","title":{"rendered":"La meua resposta"},"content":{"rendered":"<p>Fa un mes em vaig trobar en la desagradable situaci\u00f3 de ser objecte d\u2019un gens fonamentat article contra mi a la revista El temps. He estat tot aquest temps callat. Confesse que em va fer mal venint d\u2019on venia. Encara m\u00e9s, per la mala pr\u00e0ctica period\u00edstica que representava i la confusa confecci\u00f3, barreja de fal\u00b7l\u00e0cies i exageracions. Crec que ha arribat l\u2019hora de presentar els arguments per desmuntar la campanya contra mi que, despr\u00e9s de <a href=\"https:\/\/www.eltemps.cat\/article\/1604\/les-notes-discordants-de-rafa-xambo\">l\u2019article de Victor Maceda<\/a> a El temps, el diari Las Provincias s\u2019ha encarregat d\u2019exagerar fins al l\u00edmit d\u2019atribuir-me cal\u00famnies a pol\u00edtics, periodistes i mitjans de comunicaci\u00f3. En tot els articles publicats, s\u2019ha de destacar que no s\u2019esmenta un sol tuit com a prova. Fins i tot, n\u2019oculten l\u2019article que va originar els atacs que se m\u2019han dirigit. \u00c9s a dir, la premsa que ha dif\u00f3s titulars com aquests:<\/p>\n<p><a href=\"http:\/\/www.lasprovincias.es\/politica\/xambo-insulta-prensa-20170628131132-nt.html\">Rafa Xamb\u00f3 tambi\u00e9n insulta a la prensa en los consejos de la nueva RTVV<\/a> (Las Provincias)<br \/>\n<a href=\"http:\/\/www.elmundo.es\/comunidad-valenciana\/2017\/06\/26\/595011b146163f791d8b45d8.html\">Ciudadanos pedir\u00e1 la destituci\u00f3n de Xamb\u00f3 del Consell Rector por criticar a periodistas<\/a> (El Mundo)<br \/>\n<a href=\"http:\/\/www.abc.es\/espana\/comunidad-valenciana\/abci-pide-destitucion-xambo-consejo-tele-injurias-insultos-politicos-y-periodistas-201706261300_noticia.html\">Cs pide la destituci\u00f3n de Xamb\u00f3 en el Consejo de la tele por \u00abinjurias e insultos\u00bb a pol\u00edticos y periodistes<\/a> (ABC)<br \/>\n<a href=\"http:\/\/www.levante-emv.com\/comunitat-valenciana\/2017\/06\/26\/cs-pide-destitucion-rafael-xambo\/1585631.html\">Cs pide la destituci\u00f3n de Rafael Xamb\u00f3 del consejo de la nueva RTVV por sus insultos<\/a> (Levante-EMV)<br \/>\n<a href=\"http:\/\/www.lasprovincias.es\/politica\/rafa-xambo-insultos-periodistas-20170711113408-nt.html\">Cs critica que la CVMC no act\u00fae ante los \u00abinsultos a periodistas y pol\u00edticos\u00bb de Rafa Xamb\u00f3<\/a> (Las Provincias)<\/p>\n<p>No s\u2019han pres la mol\u00e8stia d\u2019actuar com a periodistes i anar a la font, estudiar els m\u00e9s tuits i, llavors, escriure. \u00d2bviament, ningun periodista s\u2019ha posat en contacte amb mi per a recollir la meua opini\u00f3 sobre les acusacions gratu\u00eftes que es fan. Tot molt habitual en les males pr\u00e0ctiques period\u00edstiques que patim al Pa\u00eds Valenci\u00e0 i al conjunt de l\u2019Estat espanyol.<\/p>\n<p>Anem a l\u2019origen d\u2019aquesta campanya. A l\u2019article de Victor Maceda s\u2019esmenten 91 tuits de 8438 que s\u00f3n el total de tuits que vaig fer en el per\u00edode que ell dir\u00edem que analitza. Aix\u00f2 vol dir que, del conjunt de tuits i retuits que jo vaig fer entre octubre de 2016 i juny de 2017, el periodista n\u2019ha triat una \u00ednfima part a conveni\u00e8ncia. Exactament, la seua tria significa el 0,92 per cent dels meus tuits en els nou mesos. S\u2019hi tracta d\u2019una mostra que no passaria la prova de cap criteri estad\u00edstic m\u00ednimament rigor\u00f3s. S\u2019hi veu amb claredat la intenci\u00f3 de carregar contra mi tot presentant-me com un maleducat que insulta i usa un llenguatge brut per atacar els adversaris. \u00c9s el que ha buscat i, a m\u00e9s, com que no ho ha trobat al seu gust, necessita amagar l\u2019antecedent que provoca el meu tuit. El seg\u00fcent tuit n\u2019\u00e9s un bon exemple.<\/p>\n<p>En resposta a aquest tuit:<\/p>\n<p><a href=\"https:\/\/twitter.com\/xdelucas\"><strong>javier de lucas<\/strong><strong>\u200f\u00a0<\/strong>@xdelucas<\/a><br \/>\nAna Pastor prueba su sumisi\u00f3n al Gobierno e incapacidad para dirigir como Presidenta un debate, al privar a Iglesias del turno por alusi\u00f3n<\/p>\n<p>Jo dic:<\/p>\n<p><a href=\"https:\/\/twitter.com\/RafaXambo\"><strong>Rafa Xamb\u00f3<\/strong>\u00a0@RafaXambo<\/a><br \/>\nUna\u00a0derecha cerril\u00a0<a href=\"https:\/\/t.co\/zx4zn0b5rM?tw_i=791753470168752128&amp;tw_e=link&amp;tw_p=archive\"><u>https:\/\/t.co\/zx4zn0b5rM?tw_i=791753470168752128&amp;tw_e=link&amp;tw_p=archive<\/u><\/a><\/p>\n<p>Maceda amaga la primera part, el tuit del professor Javier de Lucas, \u00a0i es limita a dir que jo insulte la presidenta del parlament espanyol i que li dic cerril. Aquesta mateixa operaci\u00f3 la fa amb uns seixanta tuits m\u00e9s, dels qual n\u2019oculta l\u2019antecedent.<\/p>\n<p>En qualsevol cas, com em va dir un company, \u201cals teus tuits no hi ha res que no hagen dit milers d\u2019usuaris del tuiter contra el PP, la corrupci\u00f3 i els seus destacats delinq\u00fcents\u201d. Igualment tamb\u00e9 tria tuits que vaig fer criticant el PSOE i les seues profundes contradiccions i maniobres de submissi\u00f3 al PP -cridanera abstenci\u00f3- i als interessos de l\u2019Ibex 35 i l\u2019espanyolisme m\u00e9s tronat, encara que amb una pres\u00e8ncia menor en el meu fil. Que Maceda pretenga fer passar per impr\u00f2pia, inadequada o grollera la meua simpatia pels discursos de Gabriel Rufi\u00e1n o per l\u2019independentisme catal\u00e0, des d\u2019El Temps (!), ja \u00e9s el s\u00fammum de la manca de respecte a la llibertat d\u2019opini\u00f3. Tot fa pensar, vist el que ha passat despr\u00e9s, que estava preparant-li l\u2019argumentari a la dreta pol\u00edtica i medi\u00e0tica: Ciudadanos va reproduir el discurs de Maceda per demanar a les Corts la meua <a href=\"http:\/\/www.lasprovincias.es\/politica\/ciudadanos-pide-destitucion-20170626120756-nt.html\">dimissi\u00f3 del Consell Rector<\/a> de la CVMC, Las Provincias va aprofitar per pujar el to i afegir, sense cap m\u00e9s prova que \u201clas fuentes consultadas\u201d, recurs cl\u00e0ssic dels manipuladors, que a les reunions del Consell Rector tamb\u00e9 <a href=\"http:\/\/www.lasprovincias.es\/politica\/xambo-insulta-prensa-20170628131132-nt.html\">insulte a la premsa<\/a>. Cap mitj\u00e0 dels qui han aprofitat la gran recerca period\u00edstica de Victor Maceda furgant al meu tuiter ha aportat cap prova de les suposades inj\u00faries i insults a pol\u00edtics i mitjans.<\/p>\n<p>Estic patint una cacera de bruixes, per a la meua estupefacci\u00f3, iniciada des d\u2019El Temps. El rerefons \u00e9s la bel\u00b7liger\u00e0ncia de tota una colla de periodistes que no accepten que els professionals de l\u2019antiga RTVV tinguen m\u00e8rits i punts reconeguts per a l\u2019acc\u00e9s a la nova Corporaci\u00f3 Valenciana de Mitjans de Comunicaci\u00f3, tal com mana la llei 6\/2016 de 15 de juliol, de la Generalitat, del Servei P\u00fablic de Radiodifusi\u00f3 i Televisi\u00f3 d&#8217;\u00c0mbit Auton\u00f2mic, de Titularitat de la Generalitat. Amena\u00e7aren que presentaran demanda judicial contra el barem per a l\u2019acc\u00e9s a la plantilla de la Societat de Mitjans de Comunicaci\u00f3, plantilla encara inexistent, si se\u2019ls reconeixen tants punts als extreballadors com s\u2019han acordat, per al primer barem a la CVMC, amb els sindicats representatius de la funci\u00f3 p\u00fablica \u2013CCOO, IV i UGT. Jo els vaig criticar durament aquesta decisi\u00f3. En comptes d\u2019establir un debat amb una mica de seriositat i seguint les regles de l\u2019argumentaci\u00f3 racional, han optat per abusar de la seua facilitat d\u2019acc\u00e9s als mitjans per orquestrar una campanya contra mi. Curiosament, fa igual on treballen. El Mundo, La Raz\u00f3n, ABC, Levante-EMV, Las Provincias, periodistes de tots aquest mitjans coincideixen en anar a per mi. Mai no hi havia hagut un corporativisme tan unit, sense dreta ni esquerra, sense valencianistes ni espanyolistes, sense cap vergonya que recon\u00e8ixer sobre les maneres de fer dels seus mitjans, tots plens de la certesa de la seua ra\u00f3 i les seues bones pr\u00e0ctiques period\u00edstiques.<\/p>\n<p>Per sort per a mi, una colla de professionals de la comunicaci\u00f3 i la cultura contestaren aquell primer article de manera contundent. <a href=\"https:\/\/www.eltemps.cat\/article\/1695\/replica-rafa-xambo\">El Temps l\u2019ha publicat acceptant el dret de r\u00e8plica<\/a>. M\u00e9s encara, puc dir que el director d\u2019El Temps i l\u2019editor em presentaren disculpes per aquella invectiva sense cap ni peus. No cal dir que cap altre mitj\u00e0 dels que s\u00ed que han fet c\u00f3rrer els meus suposats insults se n\u2019ha fet ress\u00f2.<\/p>\n<p>Tot seguit oferesc la relaci\u00f3 completa de tuits que va triar Maceda per al seu article. En primer lloc, la not\u00edcia o el tuit que motiva la meua resposta.<\/p>\n<p><a href=\"https:\/\/twitter.com\/eldiariocv\"><strong>eldiariocv.es<\/strong><strong>\u200f\u00a0<\/strong>@eldiariocv<\/a><br \/>\nEl PP retir\u00f3 las 600 peticiones de informaci\u00f3n en las <a href=\"https:\/\/twitter.com\/cortsval\">@cortsval<\/a> que ahora reclama Bonig <a href=\"https:\/\/t.co\/AeK1uEz7zK\">http:\/\/www.eldiario.es\/cv\/politica\/PP-peticiones-informacion-Corts-Bonig_0_571492916.html\u00a0\u2026<\/a><\/p>\n<p><a href=\"https:\/\/twitter.com\/RafaXambo\"><strong>Rafa Xamb\u00f3<\/strong>\u00a0@RafaXambo<\/a><br \/>\nEsta xica necessita una til\u00b7la\u00a0<a href=\"https:\/\/t.co\/GFQKyxxARr\">https:\/\/twitter.com\/eldiariocv\/status\/788994055254470660\u00a0\u2026<\/a><\/p>\n<hr \/>\n<p><a href=\"https:\/\/twitter.com\/tuitadyneLPD\"><strong>La P\u00e1gina Definitiva\u200f\u00a0<\/strong>@tuitadyneLPD<\/a><\/p>\n<p>La P\u00e1gina Definitiva Retwitte\u00f3 Congreso<\/p>\n<p>Rufi\u00e1n tiene x15 reproducciones de su v\u00eddeo en la web del Congreso que HernandoPSOE<\/p>\n<p>Ya puedes ver el discurso completo de @gabrielrufian, representante de @Esquerra_ERC, durante la Sesi\u00f3n de #Investidura<\/p>\n<hr \/>\n<p><a href=\"https:\/\/twitter.com\/RafaXambo\"><strong>Rafa Xamb\u00f3<\/strong>\u00a0@RafaXambo<\/a><br \/>\nDic jo:Una preciositat. Encara queda dignitat\u00a0<a href=\"https:\/\/t.co\/6w9fSFH5U5?tw_i=792486045099159552&amp;tw_e=link&amp;tw_p=archive\"><u>twitter.com\/tuitadynelpd\/s\u2026<\/u><\/a><\/p>\n<hr \/>\n<p><a href=\"https:\/\/twitter.com\/eldiarioes\"><strong>eldiario.es<\/strong><strong>\u200f<\/strong><strong>Cuenta verificada<\/strong><strong>\u00a0<\/strong>@eldiarioes<\/a><\/p>\n<p>Rafael Catal\u00e1: &#8220;Cada uno tendr\u00e1 sobre su conciencia las barbaridades que ha dicho sobre Barber\u00e1 sin ninguna prueba&#8221; <a href=\"https:\/\/t.co\/Dfov5Q9z7G\">http:\/\/www.eldiario.es\/politica\/Catala-conciencia-barbaridades-Barbera-prueba_0_583391727.html\u00a0\u2026<\/a><\/p>\n<p><a href=\"https:\/\/twitter.com\/RafaXambo\"><strong>Rafa Xamb\u00f3<\/strong>\u00a0@RafaXambo<\/a><br \/>\nCarronya\u00a0mediocre\u00a0<a href=\"https:\/\/t.co\/NY0Ua1Vfl0?tw_i=801349518176485380&amp;tw_e=link&amp;tw_p=archive\"><u>twitter.com\/eldiarioes\/sta\u2026<\/u><\/a><\/p>\n<hr \/>\n<p><a href=\"https:\/\/twitter.com\/vicentmifsud\"><strong>Vicent mifsud<\/strong><strong>\u200f\u00a0<\/strong>@vicentmifsud<\/a><br \/>\nEscolte I. Bonig dir q Barber\u00e1 &#8220;se convirti\u00f3 en la 1a mujer alcaldesa de Espa\u00f1a&#8221;. La 1a despr\u00e9s d la seus predecessora Clementina R\u00f3denas.<\/p>\n<p><a href=\"https:\/\/twitter.com\/RafaXambo\"><strong>Rafa Xamb\u00f3<\/strong>\u00a0@RafaXambo<\/a><br \/>\nCoses de\u00a0la demag\u00f2gia i la poca vergonya\u00a0que ve a ser el mateix\u00a0<a href=\"https:\/\/t.co\/0pcl3csc18?tw_i=801546512253808640&amp;tw_e=link&amp;tw_p=archive\"><u>twitter.com\/vicentmifsud\/s\u2026<\/u><\/a><\/p>\n<hr \/>\n<p><a href=\"https:\/\/twitter.com\/ppcv\"><strong>Partido Popular CV<\/strong><strong>\u200f<\/strong><strong>Cuenta verificada<\/strong><strong>\u00a0<\/strong>@ppcv<\/a><\/p>\n<p>Hasta siempre Rita Barber\u00e1, alcaldesa de Espa\u00f1a. Nuestro abrazo a familia y amigos de la mejor alcaldesa de Valencia. Gracias por tanto. DEP<\/p>\n<p><a href=\"https:\/\/twitter.com\/RafaXambo\"><strong>Rafa Xamb\u00f3<\/strong>\u00a0@RafaXambo<\/a><br \/>\nAl TS iba\u00a0a saludar a los amigos\u00a0<a href=\"https:\/\/t.co\/IffMmPayUF?tw_i=801350102384254978&amp;tw_e=link&amp;tw_p=archive\"><u>twitter.com\/ppcv\/status\/80\u2026<\/u><\/a><\/p>\n<hr \/>\n<p><a href=\"https:\/\/twitter.com\/RafaXambo\"><strong>Rafa Xamb\u00f3<\/strong>\u00a0@RafaXambo<\/a><br \/>\nAbominables: La &#8216;trama e\u00f3lica&#8217; destapa pagos de 429.000 euros de una constructora a Trillo y Pujalte\u00a0<a href=\"https:\/\/t.co\/7h5Lnmlp4N\"><u>eldiario.es\/economia\/eolic\u2026<\/u><\/a>\u00a0via\u00a0<a href=\"https:\/\/twitter.com\/eldiarioes\">@<strong>eldiarioes<\/strong><\/a><\/p>\n<hr \/>\n<p><a href=\"https:\/\/twitter.com\/SiPeroNo1\"><strong>Eterno Primavera<\/strong><strong>\u200f\u00a0<\/strong>@SiPeroNo1<\/a><br \/>\n\u00bfNo es un poco fuerte que la prensa se tire 4 d\u00edas con Espinar y hoy no digan ni p\u00edo de las mangancias de Cospedal, Zoido y Montserrat?<\/p>\n<p><a href=\"https:\/\/twitter.com\/RafaXambo\"><strong>Rafa Xamb\u00f3<\/strong>\u00a0@RafaXambo<\/a><br \/>\nEs un asco total.\u00a0Prensa canalla\u00a0en el peor sentido\u00a0<a href=\"https:\/\/t.co\/CPnqHrAzeW?tw_i=794306165136117760&amp;tw_e=link&amp;tw_p=archive\"><u>twitter.com\/SiPeroNo1\/stat\u2026<\/u><\/a><\/p>\n<hr \/>\n<p><a href=\"https:\/\/twitter.com\/rosamariaartal\"><strong>rosa mar\u00eda artal<\/strong><strong>\u200f\u00a0<\/strong>@rosamariaartal<\/a><br \/>\nEl CIS advierte de que el 45% de los electores que votaron al PSOE el 26J le han retirado su apoyo <a href=\"https:\/\/t.co\/nUdpFfRqBq\">http:\/\/www.infolibre.es\/noticias\/politica\/2016\/11\/08\/analisis_barometro_del_cis_57293_1012.html?utm_source=twitter.com&amp;utm_medium=smmshare&amp;utm_campaign=noticias<\/a>\u00a0\u2026 v\u00eda <a href=\"https:\/\/twitter.com\/_infoLibre\">@_infoLibre<\/a><\/p>\n<p><a href=\"https:\/\/twitter.com\/RafaXambo\"><strong>Rafa Xamb\u00f3<\/strong>\u00a0@RafaXambo<\/a> Gran gesti\u00f3 del\u00a0peronisme pantojil <u>twitter.com\/rosamariaartal\u2026<\/u><\/p>\n<hr \/>\n<p><a href=\"https:\/\/twitter.com\/FrancescViadel\"><strong>Francesc Viadel<\/strong><strong>\u200f\u00a0<\/strong>@FrancescViadel<\/a><br \/>\nRamon Serrano Su\u00f1er, un feixista entre nosaltres <a href=\"https:\/\/t.co\/vDSvVpcMZJ\"><u>http:\/\/www.directe.cat\/de-manars-i-garrotades\/555870\/ramon-serrano-suner-un-feixista-entre-nosaltres\u00a0\u2026<\/u><\/a> <a href=\"https:\/\/twitter.com\/RafaXambo\">@RafaXambo<\/a> <a href=\"https:\/\/twitter.com\/XBescos\">@XBescos<\/a> <a href=\"https:\/\/twitter.com\/FerranEspada\">@FerranEspada<\/a> <a href=\"https:\/\/twitter.com\/fjirla\">@fjirla<\/a> <a href=\"https:\/\/twitter.com\/iblanco_eu\">@iblanco_eu<\/a> <a href=\"https:\/\/twitter.com\/Aballbona\">@Aballbona<\/a><\/p>\n<p><a href=\"https:\/\/twitter.com\/RafaXambo\"><strong>Rafa Xamb\u00f3<\/strong>\u00a0@RafaXambo<\/a><br \/>\nJa va sent hora de boicotejar\u00a0<a href=\"https:\/\/twitter.com\/tele5\">@<strong>tele5<\/strong><\/a>\u00a0plataforma de la\u00a0banalitat del mal <a href=\"https:\/\/t.co\/L8NB28mrIl?tw_i=807258978610712577&amp;tw_e=link&amp;tw_p=archive\"><u>twitter.com\/FrancescViadel\u2026<\/u><\/a><\/p>\n<hr \/>\n<p><a href=\"https:\/\/twitter.com\/europapress\"><strong>Europa Press<\/strong><strong>\u200f<\/strong><strong>Cuenta verificada<\/strong><strong>\u00a0<\/strong>@europapress<\/a><br \/>\nUnidos Podemos denuncia la ignorancia de Dastis sobre los emigrados: &#8220;No tiene verg\u00fcenza&#8221;<\/p>\n<p><a href=\"https:\/\/twitter.com\/RafaXambo\"><strong>Rafa Xamb\u00f3<\/strong>\u00a0@RafaXambo<\/a><br \/>\nAsco y m\u00e1s\u00a0<a href=\"https:\/\/t.co\/MwHqIST0aO?tw_i=811554674176393216&amp;tw_e=link&amp;tw_p=archive\"><u>twitter.com\/europapress\/st\u2026<\/u><\/a><\/p>\n<hr \/>\n<p><a href=\"https:\/\/twitter.com\/iblanco_eu\"><strong>Ignacio Blanco<\/strong><strong>\u200f\u00a0<\/strong>@iblanco_eu<\/a><br \/>\nMi compa <a href=\"https:\/\/twitter.com\/Elba_Celo\">@Elba_Celo<\/a> sigue sacando mierda del PP en el caso <a href=\"https:\/\/twitter.com\/hashtag\/Taula?src=hash\">#Taula<\/a>, ahora en <a href=\"https:\/\/twitter.com\/hashtag\/Madrid?src=hash\">#Madrid<\/a> con Ana Botella y Gallard\u00f3n<\/p>\n<p><a href=\"https:\/\/twitter.com\/RafaXambo\"><strong>Rafa Xamb\u00f3<\/strong>\u00a0@RafaXambo<\/a><br \/>\nQuina\u00a0gentola m\u00e9s PPorca!\u00a0<a href=\"https:\/\/t.co\/lPXVl43JQF?tw_i=813346578664738816&amp;tw_e=link&amp;tw_p=archive\"><u>twitter.com\/iblanco_eu\/sta\u2026<\/u><\/a><\/p>\n<hr \/>\n<p><a href=\"https:\/\/twitter.com\/MorenoG_Agustin\"><strong>Agustin Moreno<\/strong><strong>\u200f\u00a0<\/strong>@MorenoG_Agustin<\/a><br \/>\nLa Asociaci\u00f3n de Memoria Htca denuncia al Defensor del Pueblo el discurso d Felipe VI contra v\u00edctimas del franquismo<\/p>\n<p><a href=\"https:\/\/twitter.com\/RafaXambo\"><strong>Rafa Xamb\u00f3<\/strong>\u00a0@RafaXambo<\/a><br \/>\nDigno hijo\u00a0de su padre. Herederos de Franco\u00a0<a href=\"https:\/\/t.co\/QN3HdjzeoU?tw_i=813156330844327936&amp;tw_e=link&amp;tw_p=archive\"><u>twitter.com\/morenog_agusti\u2026<\/u><\/a><\/p>\n<hr \/>\n<p><a href=\"https:\/\/twitter.com\/tropamarxista\"><strong>Tropa Marxista<\/strong><strong>\u200f\u00a0<\/strong>@tropamarxista<\/a><br \/>\n\u00bfNot\u00e1is algo extra\u00f1o en la voz de <a href=\"https:\/\/twitter.com\/AnnaGaSabate\">@AnnaGaSabate<\/a> en el v\u00eddeo de Antena 3? Comparad con el original en el segundo 20.<br \/>\n(v\u00eddeo manipulat per A3)<\/p>\n<p><a href=\"https:\/\/twitter.com\/RafaXambo\"><strong>Rafa Xamb\u00f3<\/strong>\u00a0@RafaXambo<\/a><br \/>\nQuina vergonya de periodisme\u00a0patim! Porqueria\u00a0<a href=\"https:\/\/twitter.com\/A3Noticias\">@<strong>A3Noticias<\/strong><\/a>\u00a0<a href=\"https:\/\/t.co\/o98FelCayA?tw_i=690849369495568384&amp;tw_e=link&amp;tw_p=archive\"><u>twitter.com\/tropamarxista\/\u2026<\/u><\/a><\/p>\n<hr \/>\n<p>Primera bronca en la nueva RTVV<br \/>\nCutanda considera que unas declaraciones de Xamb\u00f3 sobre la falta de material \u00abse pueden interpretar como una acusaci\u00f3n penal\u00bb contra los populares<br \/>\nEl consejero del PP critica el ataque del de Comprom\u00eds por el estado del equipamiento<br \/>\nJOAN MOLANO|\u00a0 VALENCIA.<\/p>\n<p><a href=\"https:\/\/twitter.com\/RafaXambo\"><strong>Rafa Xamb\u00f3<\/strong>\u00a0@RafaXambo<\/a><br \/>\nNo s\u00e9\u00a0en quina rifa\u00a0li donaren a aquest el t\u00edtol de periodista. Espere que no haja sigut alumne meu\u00a0<a href=\"https:\/\/t.co\/Vl6dR24o7f?tw_i=810079209506951168&amp;tw_e=link&amp;tw_p=archive\">lasprovincias.es\/politica\/20161\u2026<\/a><\/p>\n<hr \/>\n<p><a href=\"https:\/\/twitter.com\/peremcc\"><strong>PER(E)IODISTA<\/strong><strong>\u200f\u00a0<\/strong>@peremcc<\/a><br \/>\n<a href=\"https:\/\/twitter.com\/hashtag\/L6Nsombrafranco?src=hash\">#L6Nsombrafranco<\/a> Algunos tertulianos , Mar\u00edaClaver, revisa la <a href=\"https:\/\/twitter.com\/hashtag\/Rep%C3%BAblica?src=hash\">#Rep\u00fablica<\/a> y dice que los votos eran de las ciudades y etc etc . Esto qu\u00e9 es?<\/p>\n<p><a href=\"https:\/\/twitter.com\/RafaXambo\"><strong>Rafa Xamb\u00f3<\/strong>\u00a0@RafaXambo<\/a><br \/>\nUna porqueria, amic. No la mires\u00a0<a href=\"https:\/\/t.co\/ihKtAKERD6?tw_i=822931568893292544&amp;tw_e=link&amp;tw_p=archive\"><u>twitter.com\/peremcc\/status\u2026<\/u><\/a><\/p>\n<hr \/>\n<p><a href=\"https:\/\/twitter.com\/manelvictoriano\"><strong>Jos\u00e9ManuelRodr\u00edguez<\/strong><strong>\u200f\u00a0<\/strong>@manelvictoriano<\/a><br \/>\nLa postverdad, la nueva forma de la mentira, triunfa a diario en la Sexta con Inda OK<\/p>\n<p><a href=\"https:\/\/twitter.com\/RafaXambo\"><strong>Rafa Xamb\u00f3<\/strong>\u00a0@RafaXambo<\/a><br \/>\nUn asco. Mejor apagar la Sexta\u00a0<a href=\"https:\/\/t.co\/0HiPQNU6OK?tw_i=818111706073329664&amp;tw_e=link&amp;tw_p=archive\"><u>twitter.com\/manelvictorian\u2026<\/u><\/a><\/p>\n<hr \/>\n<p><a href=\"https:\/\/twitter.com\/alejandrosanmo\"><strong>A S\u00e1nchez Moreno<\/strong><strong>\u200f\u00a0<\/strong>@alejandrosanmo<\/a><br \/>\nHola <a href=\"https:\/\/twitter.com\/rtve\">@rtve<\/a>. Yo entiendo que no os guste, pero \u00bfesto no es noticia?<\/p>\n<p><a href=\"https:\/\/blocs.mesvilaweb.cat\/wp-content\/uploads\/sites\/1695\/2017\/07\/xambo2.jpg\"><img class=\"alignnone size-medium wp-image-267535\" src=\"https:\/\/blocs.mesvilaweb.cat\/wp-content\/uploads\/sites\/1695\/2017\/07\/xambo2-300x168.jpg\" alt=\"\" width=\"300\" height=\"168\" srcset=\"https:\/\/blocs.mesvilaweb.cat\/wp-content\/uploads\/sites\/1695\/2017\/07\/xambo2-300x168.jpg 300w, https:\/\/blocs.mesvilaweb.cat\/wp-content\/uploads\/sites\/1695\/2017\/07\/xambo2-653x367.jpg 653w, https:\/\/blocs.mesvilaweb.cat\/wp-content\/uploads\/sites\/1695\/2017\/07\/xambo2.jpg 709w\" sizes=\"(max-width: 300px) 100vw, 300px\" \/><\/a><\/p>\n<p><a href=\"https:\/\/blocs.mesvilaweb.cat\/wp-content\/uploads\/sites\/1695\/2017\/07\/xambo1.jpg\"><img class=\"alignnone size-medium wp-image-267534\" src=\"https:\/\/blocs.mesvilaweb.cat\/wp-content\/uploads\/sites\/1695\/2017\/07\/xambo1-300x199.jpg\" alt=\"\" width=\"300\" height=\"199\" srcset=\"https:\/\/blocs.mesvilaweb.cat\/wp-content\/uploads\/sites\/1695\/2017\/07\/xambo1-300x199.jpg 300w, https:\/\/blocs.mesvilaweb.cat\/wp-content\/uploads\/sites\/1695\/2017\/07\/xambo1-653x434.jpg 653w, https:\/\/blocs.mesvilaweb.cat\/wp-content\/uploads\/sites\/1695\/2017\/07\/xambo1.jpg 709w\" sizes=\"(max-width: 300px) 100vw, 300px\" \/><\/a><\/p>\n<p><a href=\"https:\/\/twitter.com\/RafaXambo\"><strong>Rafa Xamb\u00f3<\/strong>\u00a0@RafaXambo<\/a><br \/>\nPeriodismo cloaca\u00a0<a href=\"https:\/\/t.co\/M4Qyy7HWDl?tw_i=820758473415815168&amp;tw_e=link&amp;tw_p=archive\"><u>twitter.com\/alejandrosanmo\u2026<\/u><\/a><\/p>\n<hr \/>\n<p><a href=\"https:\/\/twitter.com\/PabloMM\"><strong>PabloMM<\/strong><strong>\u200f\u00a0<\/strong>@PabloMM<\/a><br \/>\nB\u00e1rcenas ha dicho que Rajoy conoc\u00eda la existencia de una caja b y las actividades il\u00edcitas de Correa. Ojo al titular del telediario de TVE.<\/p>\n<p><a href=\"https:\/\/blocs.mesvilaweb.cat\/wp-content\/uploads\/sites\/1695\/2017\/07\/xambo3.jpg\"><img class=\"alignnone size-medium wp-image-267536\" src=\"https:\/\/blocs.mesvilaweb.cat\/wp-content\/uploads\/sites\/1695\/2017\/07\/xambo3-300x174.jpg\" alt=\"\" width=\"300\" height=\"174\" srcset=\"https:\/\/blocs.mesvilaweb.cat\/wp-content\/uploads\/sites\/1695\/2017\/07\/xambo3-300x174.jpg 300w, https:\/\/blocs.mesvilaweb.cat\/wp-content\/uploads\/sites\/1695\/2017\/07\/xambo3.jpg 542w\" sizes=\"(max-width: 300px) 100vw, 300px\" \/><\/a><\/p>\n<p><a href=\"https:\/\/twitter.com\/RafaXambo\"><strong>Rafa Xamb\u00f3<\/strong>\u00a0@RafaXambo<\/a><br \/>\nEl periodismo de RTVE no defrauda. Basura <a href=\"https:\/\/t.co\/XYGsQJFTqt\">total\u00a0https:\/\/twitter.com\/PabloMM\/status\/821019444067631104\u00a0\u2026<\/a><br \/>\n<a href=\"https:\/\/twitter.com\/RafaXambo\/status\/821025178406846468\">17:03 &#8211; 16 Jan 2017<\/a><\/p>\n<hr \/>\n<p><a href=\"https:\/\/twitter.com\/rcabrero75\"><strong>Sayonaratroika<\/strong><strong>\u200f\u00a0<\/strong>@rcabrero75<\/a><br \/>\nDimite Trillo eso si forrado, sin dar explicaciones ni pedir perdon y sin responsabilidades juridicas Otro sinverguenza q se va de rositas..<\/p>\n<p><a href=\"https:\/\/twitter.com\/RafaXambo\"><strong>Rafa Xamb\u00f3<\/strong>\u00a0@RafaXambo<\/a><br \/>\nMucho asco da este hip\u00f3crita chulesco y del Opus\u00a0<a href=\"https:\/\/t.co\/I6a1H1kySu\">https:\/\/twitter.com\/rcabrero75\/status\/819611930910457858\u00a0\u2026<\/a><br \/>\n<a href=\"https:\/\/twitter.com\/RafaXambo\/status\/819663002106527744\">22:51 &#8211; 12 Jan 2017<\/a><\/p>\n<p><a href=\"https:\/\/twitter.com\/publico_es\"><strong>P\u00fablico<\/strong><strong>\u200f<\/strong><strong>Cuenta verificada<\/strong><strong>\u00a0<\/strong>@publico_es<\/a><br \/>\n&#8220;El Yak-42 era un buen avi\u00f3n&#8221; y otras perlas de Trillo sobre el accidente <a href=\"https:\/\/t.co\/9lmQqM8zce\">http:\/\/www.publico.es\/politica\/perlas-trillo-yak-42.html\u00a0\u2026<\/a><\/p>\n<p><a href=\"https:\/\/twitter.com\/SusodeToro1\"><strong>Suso De Toro<\/strong><strong>\u200f\u00a0<\/strong>@SusodeToro1<\/a><br \/>\nEl Consejo de Estado responsabiliza al Gobierno de Aznar del accidente del Yak-42 <a href=\"https:\/\/t.co\/Z2b1lNNuOp\">http:\/\/www.eldiario.es\/_23a0cad8<\/a>\u00a0 v\u00eda <a href=\"https:\/\/twitter.com\/eldiarioes\">@eldiarioes<\/a><\/p>\n<p><a href=\"https:\/\/twitter.com\/RafaXambo\"><strong>Rafa Xamb\u00f3<\/strong>\u00a0@RafaXambo<\/a><br \/>\nTrillo dimissi\u00f3\u00a0<a href=\"https:\/\/t.co\/jOqqk5oYsg?tw_i=816423293574152192&amp;tw_e=link&amp;tw_p=archive\"><u>twitter.com\/publico_es\/sta\u2026<\/u><\/a><\/p>\n<p><a href=\"https:\/\/twitter.com\/RafaXambo\"><strong>Rafa Xamb\u00f3<\/strong>\u00a0@RafaXambo<\/a><br \/>\nTRILLO DIMISSI\u00d3\u00a0<a href=\"https:\/\/t.co\/B6YMDwgrlB?tw_i=816223447227498496&amp;tw_e=link&amp;tw_p=archive\"><u>twitter.com\/susodetoro1\/st\u2026<\/u><\/a><\/p>\n<hr \/>\n<p><a href=\"https:\/\/twitter.com\/calata68\"><strong>Armand Calatayud<\/strong><strong>\u200f\u00a0<\/strong>@calata68<\/a><br \/>\nMarz\u00e0 exigir\u00e0 a Moragues que la Guardia Civil respete el derecho de los valencianohablantes &#8211; laveupv <a href=\"https:\/\/t.co\/HMV2kvy3SK\">http:\/\/www.laveupv.com\/noticia\/24116\/marza-exigira-a-moragues-que-la-guardia-civil-respecte-el-dret-dels-valencianoparlants\u00a0\u2026<\/a><\/p>\n<p><a href=\"https:\/\/twitter.com\/RafaXambo\"><strong>Rafa Xamb\u00f3<\/strong>\u00a0@RafaXambo<\/a><br \/>\nEm sembla que continuaran\u00a0pixant-nos en la cara\u00a0si no fem res m\u00e9s\u00a0<a href=\"https:\/\/t.co\/TwqSIa3lQ5?tw_i=816582960233189377&amp;tw_e=link&amp;tw_p=archive\"><u>twitter.com\/calata68\/statu\u2026<\/u><\/a><\/p>\n<hr \/>\n<p>Les Corts debatir\u00e1 la pr\u00f3xima semana si el valenciano es una lengua diferente del catal\u00e1n<\/p>\n<p>\u00b7 El pleno tratar\u00e1 una propuesta del PP que asegura que se trata \u00abla se\u00f1a de identidad m\u00e1s importante del pueblo valenciano\u00bb y algo \u00abintocable\u00bb<\/p>\n<p><a href=\"https:\/\/twitter.com\/RafaXambo\"><strong>Rafa Xamb\u00f3<\/strong>\u00a0@RafaXambo<\/a><br \/>\nTan intocable \u00e9s la llengua per al PP que\u00a0no la parlen perqu\u00e8 no es desgaste. Au, va, aneu a fer la m\u00e0\u00a0<a href=\"https:\/\/t.co\/TwqSIa3lQ5?tw_i=816582960233189377&amp;tw_e=link&amp;tw_p=archive\">lasprovincias.es\/politica\/20170\u2026<\/a><\/p>\n<hr \/>\n<p><a href=\"https:\/\/twitter.com\/gsemprunmdg\"><strong>Gonzalo Sempr\u00fan<\/strong><strong>\u200f\u00a0<\/strong>@gsemprunmdg<\/a><br \/>\nLA CASTA : la precariedad &#8220;ensombrece&#8221;el hist\u00f3rico ritmo del empleo.., ver\u00e1s en febrero <a href=\"https:\/\/twitter.com\/hashtag\/Portada?src=hash\">#Portada<\/a> de El Pa\u00eds<\/p>\n<p><a href=\"https:\/\/twitter.com\/RafaXambo\"><strong>Rafa Xamb\u00f3<\/strong>\u00a0@RafaXambo<\/a><br \/>\nPeriodismo de cloaca\u00a0<a href=\"https:\/\/t.co\/JArIOeXglU?tw_i=816775813756551172&amp;tw_e=link&amp;tw_p=archive\"><u>twitter.com\/gsemprunmdg\/st\u2026<\/u><\/a><\/p>\n<hr \/>\n<p><a href=\"https:\/\/twitter.com\/Roberto_Torija\"><strong>Roberto Torija Gal\u00e1n<\/strong><strong>\u200f\u00a0<\/strong>@Roberto_Torija<\/a><br \/>\nMis condolencias a todos los periodistas de TV que hoy tendr\u00e1n que esperar horas a la intemperie para contar en directo que hace fr\u00edo<\/p>\n<p><a href=\"https:\/\/twitter.com\/RafaXambo\"><strong>Rafa Xamb\u00f3<\/strong>\u00a0@RafaXambo<\/a><br \/>\nAs\u00ed es:\u00a0una inmensa chorrada\u00a0<a href=\"https:\/\/t.co\/Lhefo3RbsN?tw_i=821732223053418496&amp;tw_e=link&amp;tw_p=archive\"><u>twitter.com\/roberto_torija\u2026<\/u><\/a><\/p>\n<hr \/>\n<p><a href=\"https:\/\/twitter.com\/sextaNoticias\"><strong>laSexta Noticias<\/strong><strong>\u200f<\/strong><strong>Cuenta verificada<\/strong><strong>\u00a0<\/strong>@sextaNoticias<\/a><br \/>\nIm\u00e1genes que no se ve\u00edan desde hace d\u00e9cadas. La nieve ha cuajado a pie de playa en Denia <a href=\"https:\/\/twitter.com\/hashtag\/OlaDeFrioPolar?src=hash\">#OlaDeFrioPolar<\/a> <a href=\"https:\/\/twitter.com\/hashtag\/directo?src=hash\">#directo<\/a> <a href=\"https:\/\/t.co\/Iu6Wpp4nqq\">http:\/\/atres.red\/ptpkv<\/a><\/p>\n<p><a href=\"https:\/\/twitter.com\/RafaXambo\"><strong>Rafa Xamb\u00f3<\/strong>\u00a0@RafaXambo<\/a><br \/>\nOoooooh!\u00a0Notici\u00f3n\u00a0<a href=\"https:\/\/t.co\/5dCjOtiDng?tw_i=821736523213185024&amp;tw_e=link&amp;tw_p=archive\"><u>twitter.com\/sextanoticias\/\u2026<\/u><\/a><\/p>\n<hr \/>\n<p><a href=\"https:\/\/twitter.com\/olgarodriguezfr\"><strong>Olga Rodriguez<\/strong><strong>\u200f<\/strong><strong>Cuenta verificada<\/strong><strong>\u00a0<\/strong>@olgarodriguezfr<\/a><br \/>\nLos periodistas al estilo cl\u00e1sico son minor\u00eda. La mayor\u00eda no tiene problemas \u00e9ticos ni profesionales, ya no se hacen preguntas: Kapuscinski<\/p>\n<p><a href=\"https:\/\/twitter.com\/RafaXambo\"><strong>Rafa Xamb\u00f3<\/strong>\u00a0@RafaXambo<\/a><br \/>\nHola,\u00a0hola, periodistes\u00a0<a href=\"https:\/\/t.co\/mWOFkvVkbA?tw_i=824035397701353473&amp;tw_e=link&amp;tw_p=archive\"><u>twitter.com\/olgarodriguezf\u2026<\/u><\/a><\/p>\n<hr \/>\n<p><a href=\"https:\/\/twitter.com\/manelmarquez\"><strong>Manel M\u00e1rquez<\/strong><strong>\u200f\u00a0<\/strong>@manelmarquez<\/a><br \/>\nLa Infanta <a href=\"https:\/\/twitter.com\/hashtag\/Cristina?src=hash\">#Cristina<\/a> NO sabia lo q firmaba, pero los ancianos enga\u00f1ados con las preferentes o estafados las <a href=\"https:\/\/twitter.com\/hashtag\/cl%C3%A1usulassuelo?src=hash\">#cl\u00e1usulassuelo<\/a> SI! <a href=\"https:\/\/twitter.com\/hashtag\/CasoNoos?src=hash\">#CasoNoos<\/a><\/p>\n<p><a href=\"https:\/\/twitter.com\/RafaXambo\"><strong>Rafa Xamb\u00f3<\/strong>\u00a0@RafaXambo<\/a><br \/>\nAsco total\u00a0<a href=\"https:\/\/t.co\/nZ2jA7D06p?tw_i=833076244426133504&amp;tw_e=link&amp;tw_p=archive\"><u>twitter.com\/manelmarquez\/s\u2026<\/u><\/a><\/p>\n<hr \/>\n<p><a href=\"https:\/\/twitter.com\/gsemprunmdg\"><strong>Gonzalo Sempr\u00fan<\/strong><strong>\u200f\u00a0<\/strong>@gsemprunmdg<\/a><br \/>\nEL MUNDO 15F: La Fiscal\u00eda orden\u00f3 NO acusar al Pte PPro de Murcia..<\/p>\n<p><a href=\"https:\/\/twitter.com\/RafaXambo\"><strong>Rafa Xamb\u00f3<\/strong>\u00a0@RafaXambo<\/a><br \/>\nFiscalia\u00a0bananera\u00a0<a href=\"http:\/\/twitter.com\/gsemprunmdg\/st%E2%80%A6\"><u>twitter.com\/gsemprunmdg\/st\u2026<\/u><\/a><\/p>\n<hr \/>\n<p><a href=\"https:\/\/twitter.com\/elmundocv\"><strong>El Mundo CValenciana<\/strong><strong>\u200f\u00a0<\/strong>@elmundocv<\/a><br \/>\nCatal\u00e1: &#8220;No es agradable impugnar el derecho foral valenciano&#8221; <a href=\"https:\/\/t.co\/yqcyJOykK8\">http:\/\/buff.ly\/2kLdkdF<\/a><\/p>\n<p><a href=\"https:\/\/twitter.com\/RafaXambo\"><strong>Rafa Xamb\u00f3<\/strong>\u00a0@RafaXambo<\/a><br \/>\nYa,\u00a0pero que se jodan, no?\u00a0<a href=\"https:\/\/t.co\/iq0uzURJc1?tw_i=828740459275116544&amp;tw_e=link&amp;tw_p=archive\"><u>twitter.com\/elmundocv\/stat\u2026<\/u><\/a><\/p>\n<hr \/>\n<p><a href=\"https:\/\/twitter.com\/xavialiaga\"><strong>Xavier Aliaga<\/strong><strong>\u200f\u00a0<\/strong>@xavialiaga<\/a><br \/>\nLlegit avui: &#8220;El espa\u00f1ol y el ingl\u00e9s proyectan, el valenciano genera tensiones&#8221;. I mal\u00e0ria i \u00e8bola. Ho s\u00e9 pels meus fills.<\/p>\n<p><a href=\"https:\/\/twitter.com\/RafaXambo\"><strong>Rafa Xamb\u00f3<\/strong>\u00a0@RafaXambo<\/a><br \/>\nEl PP \u00e9s una m\u00e0quina d&#8217;emporcar\u00a0i robar\u00a0<a href=\"https:\/\/t.co\/ZbvexHuvaZ?tw_i=828366146135060480&amp;tw_e=link&amp;tw_p=archive\"><u>twitter.com\/xavialiaga\/sta\u2026<\/u><\/a><\/p>\n<hr \/>\n<p><a href=\"https:\/\/blocs.mesvilaweb.cat\/wp-content\/uploads\/sites\/1695\/2017\/07\/xambo4.jpg\"><img class=\"alignnone size-medium wp-image-267538\" src=\"https:\/\/blocs.mesvilaweb.cat\/wp-content\/uploads\/sites\/1695\/2017\/07\/xambo4-213x300.jpg\" alt=\"\" width=\"213\" height=\"300\" srcset=\"https:\/\/blocs.mesvilaweb.cat\/wp-content\/uploads\/sites\/1695\/2017\/07\/xambo4-213x300.jpg 213w, https:\/\/blocs.mesvilaweb.cat\/wp-content\/uploads\/sites\/1695\/2017\/07\/xambo4.jpg 291w\" sizes=\"(max-width: 213px) 100vw, 213px\" \/><\/a><\/p>\n<p><a href=\"https:\/\/twitter.com\/RafaXambo\"><strong>Rafa Xamb\u00f3<\/strong>\u00a0@RafaXambo<\/a><br \/>\nBasura de periodismo que algunos pretenden creativo\u00a0<a href=\"https:\/\/t.co\/MEvFSNsz5f\">https:\/\/twitter.com\/combativasalk\/status\/832714816770936832\u00a0\u2026<\/a><br \/>\n<a href=\"https:\/\/twitter.com\/RafaXambo\/status\/832722813827981312\">23:46 &#8211; 17 Feb 2017<\/a><\/p>\n<hr \/>\n<p><a href=\"https:\/\/twitter.com\/Channel4News\"><strong>Channel 4 News<\/strong><strong>\u200f<\/strong><strong>Cuenta verificada<\/strong><strong>\u00a0<\/strong>@Channel4News<\/a><br \/>\nPresident Donald Trump is corrected by NBC reporter after falsely claiming he had the biggest electoral margin since President Reagan.<\/p>\n<p><a href=\"https:\/\/twitter.com\/RafaXambo\"><strong>Rafa Xamb\u00f3<\/strong>\u00a0@RafaXambo<\/a><br \/>\nQuan far\u00e0 aix\u00f2\u00a0algun periodista espanyol? I valenci\u00e0? Nivell\u00a0<a href=\"https:\/\/t.co\/60LxbhgNqj?tw_i=832367704891854848&amp;tw_e=link&amp;tw_p=archive\"><u>twitter.com\/channel4news\/s\u2026<\/u><\/a><\/p>\n<hr \/>\n<p><a href=\"https:\/\/twitter.com\/constan_escriva\"><strong>Constant\u00ed Escriv\u00e0<\/strong><strong>\u200f\u00a0<\/strong>@constan_escriva<\/a><br \/>\nun pet de nit fa doble profit descansa el cos i calfa el llit<\/p>\n<p><a href=\"https:\/\/twitter.com\/RafaXambo\"><strong>Rafa Xamb\u00f3<\/strong>\u00a0@RafaXambo<\/a><br \/>\nBon\u00edssim\u00a0<a href=\"https:\/\/t.co\/bu2wh5HS23\">https:\/\/twitter.com\/constan_escriva\/status\/832502603430903808\u00a0\u2026<\/a><\/p>\n<hr \/>\n<p><em>Susana y los anabolizantes<\/em> <a href=\"http:\/\/ctxt.es\/user\/profile\/gtece\">GERARDO TEC\u00c9<\/a><br \/>\nSusana D\u00edaz flanqueada por Rubalcaba, Gonz\u00e1lez, Zapatero y Guerra<\/p>\n<p><a href=\"https:\/\/twitter.com\/RafaXambo\"><strong>Rafa Xamb\u00f3<\/strong>\u00a0@RafaXambo<\/a><br \/>\nLa\u00a0hija de la casta:\u00a0<a href=\"https:\/\/t.co\/2Ayr50ReTM?tw_i=846313847346679808&amp;tw_e=link&amp;tw_p=archive\"><u>ctxt.es\/es\/20170322\/Fi\u2026<\/u><\/a><\/p>\n<hr \/>\n<p><a href=\"https:\/\/twitter.com\/RubenSanchezTW\"><strong>\u042fub\u00e9n S\u00e1nchez<\/strong><strong>\u200f<\/strong><strong>Cuenta verificada<\/strong><strong>\u00a0<\/strong>@RubenSanchezTW<\/a><br \/>\nEl PSOE de Susana D\u00edaz, con la represi\u00f3n del derecho a la libertad de expresi\u00f3n.<\/p>\n<p><a href=\"https:\/\/twitter.com\/RafaXambo\"><strong>Rafa Xamb\u00f3<\/strong>\u00a0@RafaXambo<\/a><br \/>\nMenudos socialistes de m.\u00a0<a href=\"https:\/\/t.co\/5aXSucWFl3\">https:\/\/twitter.com\/rubensancheztw\/status\/847179977007214593\u00a0\u2026<\/a><\/p>\n<hr \/>\n<p><a href=\"https:\/\/twitter.com\/publico_es\"><strong>P\u00fablico<\/strong><strong>\u200f<\/strong><strong>Cuenta verificada<\/strong><strong>\u00a0<\/strong>@publico_es<\/a><br \/>\nEl PSOE de los hist\u00f3ricos se rinde ante D\u00edaz como l\u00edder del partido http:\/\/www.publico.es\/politica\/psoe-historicos-rinde-diaz-lider.html\u00a0\u2026 <a href=\"https:\/\/twitter.com\/hashtag\/L6Nbono?src=hash\">#L6Nbono<\/a><\/p>\n<p><a href=\"https:\/\/twitter.com\/RafaXambo\"><strong>Rafa Xamb\u00f3<\/strong>\u00a0@RafaXambo<\/a><br \/>\nSe les est\u00e1 poniendo una cara de\u00a0pasok acojonante\u00a0<a href=\"https:\/\/t.co\/eZijceFECh?tw_i=845767916108828672&amp;tw_e=link&amp;tw_p=archive\"><u>twitter.com\/publico_es\/sta\u2026<\/u><\/a><\/p>\n<hr \/>\n<p><a href=\"https:\/\/twitter.com\/idlserna\"><strong>I\u00f1igo de la Serna<\/strong><strong>\u200f<\/strong><strong>Cuenta verificada<\/strong><strong>\u00a0<\/strong>@idlserna<\/a><br \/>\nEl <a href=\"https:\/\/twitter.com\/hashtag\/corredormediterraneo?src=hash\">#corredormediterraneo<\/a> avanza. Castell\u00f3n estar\u00e1 a 2h 25 min de Madrid gracias a este nuevo tramo que he visitado hoy<\/p>\n<p><a href=\"https:\/\/twitter.com\/RafaXambo\"><strong>Rafa Xamb\u00f3<\/strong>\u00a0@RafaXambo<\/a><br \/>\nMolta cara dura\u00a0i uns ous com melons\u00a0<a href=\"https:\/\/t.co\/0f89z21bu9?tw_i=846491519272075264&amp;tw_e=link&amp;tw_p=archive\"><u>twitter.com\/encampanya\/sta\u2026<\/u><\/a><\/p>\n<hr \/>\n<p><a href=\"https:\/\/twitter.com\/ErnestoEkaizer\"><strong>Ernesto Ekaizer<\/strong><strong>\u200f\u00a0<\/strong>@ErnestoEkaizer<\/a><br \/>\nEn <a href=\"https:\/\/twitter.com\/elconfidencial\">@elconfidencial<\/a>: El juez acusa al PP de pagar con billetes &#8220;de procedencia opaca&#8221; sus actos de campa\u00f1a<\/p>\n<p><a href=\"https:\/\/twitter.com\/RafaXambo\"><strong>Rafa Xamb\u00f3<\/strong>\u00a0@RafaXambo<\/a><br \/>\nEstem en mans d&#8217;una\u00a0banda molt perillosa\u00a0<a href=\"https:\/\/t.co\/bUUWfDl6TG?tw_i=844470981867585536&amp;tw_e=link&amp;tw_p=archive\"><u>twitter.com\/ernestoekaizer\u2026<\/u><\/a><\/p>\n<hr \/>\n<p><a href=\"https:\/\/twitter.com\/Elba_Celo\"><strong>Esther L. Barcel\u00f3\u00a0\u00a0<\/strong><strong>\u200f\u00a0<\/strong>@Elba_Celo<\/a><br \/>\nMiguel Hern\u00e1ndez, condenado; Juli\u00e1n Grimau, condenado; Cassandra, condenada; Billy el ni\u00f1o, impune. As\u00ed es Espa\u00f1a en 2017.<\/p>\n<p><a href=\"https:\/\/twitter.com\/RafaXambo\"><strong>Rafa Xamb\u00f3<\/strong>\u00a0@RafaXambo<\/a><br \/>\nUn asco\u00a0en manos de fascistas\u00a0<a href=\"https:\/\/t.co\/ZzuPzA9jmn?tw_i=847192817365647360&amp;tw_e=link&amp;tw_p=archive\"><u>twitter.com\/elba_celo\/stat\u2026<\/u><\/a><\/p>\n<hr \/>\n<p><a href=\"https:\/\/twitter.com\/RevistadeCat\"><strong>Revista de Catalunya<\/strong><strong>\u200f\u00a0<\/strong>@RevistadeCat<\/a><br \/>\nL&#8217;any 1939 els franquistes van cremar, nom\u00e9s a Barcelona, 72 tones de llibres d&#8217;editorials, llibreries i biblioteques p\u00fabliques i privades<\/p>\n<p><a href=\"https:\/\/twitter.com\/RafaXambo\"><strong>Rafa Xamb\u00f3<\/strong>\u00a0@RafaXambo<\/a><br \/>\nI ara perqu\u00e8 no poden\u00a0<a href=\"https:\/\/t.co\/R8YiY8uXwD?tw_i=846276091471912960&amp;tw_e=link&amp;tw_p=archive\"><u>twitter.com\/revistadecat\/s\u2026<\/u><\/a><\/p>\n<hr \/>\n<p><a href=\"https:\/\/twitter.com\/demiguelch\"><strong>Carlos Hern\u00e1ndez<\/strong><strong>\u200f<\/strong><strong>Cuenta verificada<\/strong><strong>\u00a0<\/strong>@demiguelch<\/a><br \/>\nEn Alemania, los &#8220;historiadores&#8221; revisionistas acaban en el banquillo. Aqu\u00ed salen en las portadas&#8230; <a href=\"https:\/\/twitter.com\/hashtag\/Triste?src=hash\">#Triste<\/a><\/p>\n<p><a href=\"https:\/\/twitter.com\/RafaXambo\"><strong>Rafa Xamb\u00f3<\/strong>\u00a0@RafaXambo<\/a><br \/>\nUna porqueria m\u00e9s de l&#8217;Espanya\u00a0profeixista\u00a0<a href=\"https:\/\/t.co\/mmoOxqwCFM?tw_i=840886753695272960&amp;tw_e=link&amp;tw_p=archive\"><u>twitter.com\/demiguelch\/sta\u2026<\/u><\/a><\/p>\n<hr \/>\n<p><a href=\"https:\/\/twitter.com\/AlexisMariM\"><strong>Alexis Mar\u00ed Malonda<\/strong><strong>\u200f\u00a0<\/strong>@AlexisMariM<\/a><br \/>\nX Sentencia 18\/2017 del juzgado de 1a instancia n\u202210 de Valencia. Seguiremos contra quienes no respeten derechos!. <a href=\"https:\/\/twitter.com\/hashtag\/obligadosarectificar?src=hash\">#obligadosarectificar<\/a><\/p>\n<p><a href=\"https:\/\/twitter.com\/RafaXambo\"><strong>Rafa Xamb\u00f3<\/strong>\u00a0@RafaXambo<\/a><br \/>\n<a href=\"https:\/\/twitter.com\/lasprovincias\">@lasprovincias<\/a>\u00a0esa porquer\u00eda de diario\u00a0<a href=\"https:\/\/t.co\/8ly3HL4dC6\">https:\/\/twitter.com\/alexismarim\/status\/846001536065044480\u00a0\u2026<\/a><\/p>\n<hr \/>\n<p><a href=\"https:\/\/twitter.com\/_ju1_\"><strong>AlOtroLadodelMuro<\/strong><strong>\u200f\u00a0<\/strong>@_ju1_<\/a><br \/>\nY el grupo Atresmedia (LaRaz\u00f3n, la Sexta y Antena3) usa cifras falsas para convencer a la gente de que era mejor despedir estibadores<\/p>\n<p><a href=\"https:\/\/twitter.com\/RafaXambo\"><strong>Rafa Xamb\u00f3<\/strong>\u00a0@RafaXambo<\/a><br \/>\nBasura medi\u00e1tica\u00a0<a href=\"https:\/\/t.co\/85SWOxJLGK?tw_i=843484511488921602&amp;tw_e=link&amp;tw_p=archive\"><u>twitter.com\/_ju1_\/status\/8\u2026<\/u><\/a><\/p>\n<hr \/>\n<p><a href=\"https:\/\/twitter.com\/gsemprunmdg\"><strong>Gonzalo Sempr\u00fan<\/strong><strong>\u200f\u00a0<\/strong>@gsemprunmdg<\/a><br \/>\nInda a sus redactores: &#8220;Hay q matar al comisario Mart\u00edn-Blas&#8221; http:\/\/www.publico.es\/politica\/eduardo-inda-redactores-hay-matar.html\u00a0\u2026<\/p>\n<p><a href=\"https:\/\/twitter.com\/RafaXambo\"><strong>Rafa Xamb\u00f3<\/strong>\u00a0@RafaXambo<\/a><br \/>\nUn t\u00edo basura\u00a0<a href=\"https:\/\/t.co\/j5vqrsmzl6?tw_i=839255821179621376&amp;tw_e=link&amp;tw_p=archive\"><u>twitter.com\/gsemprunmdg\/st\u2026<\/u><\/a><\/p>\n<hr \/>\n<p><a href=\"https:\/\/twitter.com\/gsemprunmdg\"><strong>Gonzalo Sempr\u00fan<\/strong><strong>\u200f\u00a0<\/strong>@gsemprunmdg<\/a><br \/>\nLA CAVERNA 21M : LA CAT democr\u00e1tica .. <a href=\"https:\/\/twitter.com\/hashtag\/DeJuzgadoDeGuardia?src=hash\">#DeJuzgadoDeGuardia<\/a><\/p>\n<p><a href=\"https:\/\/blocs.mesvilaweb.cat\/wp-content\/uploads\/sites\/1695\/2017\/07\/xambo5.jpg\"><img class=\"alignnone size-medium wp-image-267541\" src=\"https:\/\/blocs.mesvilaweb.cat\/wp-content\/uploads\/sites\/1695\/2017\/07\/xambo5-217x300.jpg\" alt=\"\" width=\"217\" height=\"300\" srcset=\"https:\/\/blocs.mesvilaweb.cat\/wp-content\/uploads\/sites\/1695\/2017\/07\/xambo5-217x300.jpg 217w, https:\/\/blocs.mesvilaweb.cat\/wp-content\/uploads\/sites\/1695\/2017\/07\/xambo5.jpg 491w\" sizes=\"(max-width: 217px) 100vw, 217px\" \/><\/a><\/p>\n<p><a href=\"https:\/\/twitter.com\/RafaXambo\"><strong>Rafa Xamb\u00f3<\/strong>\u00a0@RafaXambo<\/a><br \/>\nBasura period\u00edstica y\u00a0Arriba Espa\u00f1a\u00a0<a href=\"https:\/\/t.co\/rZVVpWDrrV?tw_i=843600732762914818&amp;tw_e=link&amp;tw_p=archive\"><u>twitter.com\/gsemprunmdg\/st\u2026<\/u><\/a><\/p>\n<hr \/>\n<p><a href=\"https:\/\/twitter.com\/EsppeonzAguirre\"><strong>Esppeonza [PARODIA]<\/strong><strong>\u200f\u00a0<\/strong>@EsppeonzAguirre<\/a><br \/>\nEst\u00e1n investigando a Podemos! Perd\u00f3n, es a El Corte Ingl\u00e9s. Ya no hace falta que salga en los informativos, q es anunciante JAJA<\/p>\n<p><a href=\"https:\/\/twitter.com\/RafaXambo\"><strong>Rafa Xamb\u00f3<\/strong>\u00a0@RafaXambo<\/a><br \/>\nAlgun diari decent?\u00a0<a href=\"https:\/\/t.co\/xMC6XLjilv?tw_i=841424297881141248&amp;tw_e=link&amp;tw_p=archive\"><u>twitter.com\/esppeonzaguirr\u2026<\/u><\/a><\/p>\n<hr \/>\n<p><a href=\"https:\/\/twitter.com\/diariARA\"><strong>Diari ARA<\/strong><strong>\u200f<\/strong><strong>Cuenta verificada<\/strong><strong>\u00a0<\/strong>@diariARA<\/a><br \/>\nEsperanza Aguirre comunica al PP la seva dimissi\u00f3 com a portaveu a l&#8217;ajuntament de Madrid<\/p>\n<p><a href=\"https:\/\/twitter.com\/RafaXambo\"><strong>Rafa Xamb\u00f3<\/strong>\u00a0@RafaXambo<\/a><br \/>\nHala, a la via\u00a0<a href=\"https:\/\/t.co\/ddmUBsJD5E\">https:\/\/twitter.com\/diariara\/status\/856523070219190273\u00a0\u2026<\/a><\/p>\n<hr \/>\n<p><a href=\"https:\/\/twitter.com\/RafaXambo\"><strong>Rafa Xamb\u00f3<\/strong>\u00a0@RafaXambo<\/a><br \/>\nQu\u00e9 m\u00e1s falta para ilegalizar al PP? La Fiscal\u00eda encausa por fraude a la delegada del Gobierno en Madrid\u00a0<a href=\"https:\/\/t.co\/tZ2M6XyQQD\">http:\/\/ccaa.elpais.com\/ccaa\/2017\/04\/24\/madrid\/1493057538_725584.html?id_externo_rsoc=TW_CC\u00a0\u2026<\/a><\/p>\n<hr \/>\n<p><a href=\"https:\/\/twitter.com\/JoaquimBoschGra\"><strong>Joaquim Bosch Grau<\/strong><strong>\u200f\u00a0<\/strong>@JoaquimBoschGra<\/a><br \/>\nM\u00e1s Catal\u00e1 dice que criticar el deterioro de la divisi\u00f3n de poderes da\u00f1a las instituciones. El da\u00f1o real lo causan los corruptos y sus palmeros<\/p>\n<p><a href=\"https:\/\/twitter.com\/RafaXambo\"><strong>Rafa Xamb\u00f3<\/strong>\u00a0@RafaXambo<\/a><br \/>\nUn c\u00ednic impresentable,\u00a0vergonya de ministre\u00a0<a href=\"https:\/\/t.co\/zvYFOzFgGm?tw_i=857710061501722625&amp;tw_e=link&amp;tw_p=archive\"><u>twitter.com\/joaquimboschgr\u2026<\/u><\/a><\/p>\n<hr \/>\n<p><a href=\"https:\/\/twitter.com\/eldiariocv\"><strong>eldiariocv.es<\/strong><strong>\u200f\u00a0<\/strong>@eldiariocv<\/a><br \/>\nLes estretes relacions de l\u2019aconseguidor de la P\u00fanica amb dirigents delPP valenci\u00e0 d\u2019ahir i d&#8217;avui <a href=\"https:\/\/t.co\/o9M88WGqKM\">http:\/\/www.eldiario.es\/_2576b912<\/a>\u00a0 v\u00eda <a href=\"https:\/\/twitter.com\/eldiariocv\">@eldiariocv<\/a><\/p>\n<p><a href=\"https:\/\/twitter.com\/RafaXambo\"><strong>Rafa Xamb\u00f3<\/strong>\u00a0@RafaXambo<\/a><br \/>\nBon dia,\u00a0continua la PPorqueria\u00a0<a href=\"https:\/\/t.co\/vJqkyDP8Du?tw_i=848437772226629633&amp;tw_e=link&amp;tw_p=archive\"><u>twitter.com\/eldiariocv\/sta\u2026<\/u><\/a><\/p>\n<hr \/>\n<p><a href=\"https:\/\/twitter.com\/gsemprunmdg\"><strong>Gonzalo Sempr\u00fan<\/strong><strong>\u200f\u00a0<\/strong>@gsemprunmdg<\/a><br \/>\nLA CASTA : no se puede decir + fino ..<\/p>\n<p><a href=\"https:\/\/blocs.mesvilaweb.cat\/wp-content\/uploads\/sites\/1695\/2017\/07\/xambo6.jpg\"><img class=\"alignnone size-medium wp-image-267542\" src=\"https:\/\/blocs.mesvilaweb.cat\/wp-content\/uploads\/sites\/1695\/2017\/07\/xambo6-209x300.jpg\" alt=\"\" width=\"209\" height=\"300\" srcset=\"https:\/\/blocs.mesvilaweb.cat\/wp-content\/uploads\/sites\/1695\/2017\/07\/xambo6-209x300.jpg 209w, https:\/\/blocs.mesvilaweb.cat\/wp-content\/uploads\/sites\/1695\/2017\/07\/xambo6.jpg 331w\" sizes=\"(max-width: 209px) 100vw, 209px\" \/><\/a><\/p>\n<p><a href=\"https:\/\/twitter.com\/RafaXambo\"><strong>Rafa Xamb\u00f3<\/strong>\u00a0@RafaXambo<\/a><br \/>\nComo si fuera un accidente. Verg\u00fcenza de periodismo\u00a0<a href=\"https:\/\/t.co\/nPuaj5Mvah?tw_i=856624042664747008&amp;tw_e=link&amp;tw_p=archive\"><u>twitter.com\/gsemprunmdg\/st\u2026<\/u><\/a><\/p>\n<hr \/>\n<p><a href=\"https:\/\/twitter.com\/lasprovincias\"><strong>LAS PROVINCIAS<\/strong><strong>\u200f<\/strong><strong>Cuenta verificada<\/strong><strong>\u00a0<\/strong>@lasprovincias<\/a><br \/>\n.<a href=\"https:\/\/twitter.com\/ferrer_moragues\">@ferrer_moragues<\/a> dice que <a href=\"https:\/\/twitter.com\/marianorajoy\">@marianorajoy<\/a> cumple con la financiaci\u00f3n en la <a href=\"https:\/\/twitter.com\/hashtag\/ComunitatValenciana?src=hash\">#ComunitatValenciana<\/a><\/p>\n<p><a href=\"https:\/\/twitter.com\/RafaXambo\"><strong>Rafa Xamb\u00f3<\/strong>\u00a0@RafaXambo<\/a><br \/>\nQuina\u00a0mala folla\u00a0<a href=\"https:\/\/t.co\/YV5YL6b4mY?tw_i=849372717795201029&amp;tw_e=link&amp;tw_p=archive\"><u>twitter.com\/lasprovincias\/\u2026<\/u><\/a><\/p>\n<hr \/>\n<p><a href=\"https:\/\/twitter.com\/elpuntavui\"><strong>El Punt Avui<\/strong><strong>\u200f\u00a0<\/strong>@elpuntavui<\/a><br \/>\nEl govern espanyol denuncia els ajuntaments valencians que van penjar la bandera republicana el 14 d&#8217;abril<\/p>\n<p><a href=\"https:\/\/twitter.com\/RafaXambo\"><strong>Rafa Xamb\u00f3<\/strong>\u00a0@RafaXambo<\/a><br \/>\nEl govern espanyol contra la bandera del govern leg\u00edtim dels anys 30\u00a0ergo partidari\u00a0del colp d&#8217;estat feixista\u00a0<a href=\"https:\/\/t.co\/vDU4ZyLs5k?tw_i=854388364530900992&amp;tw_e=link&amp;tw_p=archive\"><u>twitter.com\/elpuntavui\/sta\u2026<\/u><\/a><\/p>\n<hr \/>\n<p><a href=\"https:\/\/twitter.com\/SiPeroNo1\"><strong>Eterno Primavera<\/strong><strong>\u200f\u00a0<\/strong>@SiPeroNo1<\/a><br \/>\nAnda, que si no fuera la mayor reserva de petr\u00f3leo del mundo les iban a preocupar a Aznar, Rivera y Felipe los derechos humanos en Venezuela<\/p>\n<p><a href=\"https:\/\/twitter.com\/RafaXambo\"><strong>Rafa Xamb\u00f3<\/strong>\u00a0@RafaXambo<\/a><br \/>\nUn\u00a0poquito de asco\u00a0<a href=\"https:\/\/t.co\/0CbCkMPM6J?tw_i=853357186822623234&amp;tw_e=link&amp;tw_p=archive\"><u>twitter.com\/siperono1\/stat\u2026<\/u><\/a><\/p>\n<hr \/>\n<p><a href=\"https:\/\/twitter.com\/las_colonias\"><strong>LAS COLONIAS<\/strong><strong>\u200f\u00a0<\/strong>@las_colonias<\/a><br \/>\nGran art\u00edculo de <a href=\"https:\/\/twitter.com\/_PabloSalazar\">@_PabloSalazar<\/a> sobre la locura evidente de intentar hablar valenciano con normalidad en Valencia. <a href=\"https:\/\/t.co\/w9MTlIS3Uo\">http:\/\/www.lasprovincias.es\/comunitat\/opinion\/201704\/09\/comercios-valenciano-20170409000036-v.html?ns_campaign=jaqueton&amp;ns_mchannel=manual&amp;ns_source=facebook&amp;ns_linkname=general&amp;ns_fee=0\u00a0\u2026<\/a><\/p>\n<p><a href=\"https:\/\/twitter.com\/RafaXambo\"><strong>Rafa Xamb\u00f3<\/strong>\u00a0@RafaXambo<\/a><br \/>\nHi ha molt d&#8217;imb\u00e8cil\u00a0supremacista fill\u00a0de l&#8217;autoodi en aquest pa\u00eds\u00a0<a href=\"https:\/\/t.co\/davYPBdDxO?tw_i=851197033369276421&amp;tw_e=link&amp;tw_p=archive\"><u>twitter.com\/las_colonias\/s\u2026<\/u><\/a><\/p>\n<hr \/>\n<p><a href=\"https:\/\/twitter.com\/RafaXambo\"><strong>Rafa Xamb\u00f3<\/strong>\u00a0@RafaXambo<\/a><br \/>\n<a href=\"https:\/\/twitter.com\/EugeniAlemany\">@<strong>EugeniAlemany<\/strong><\/a>\u00a0Quina colla de\u00a0discapacitats mentals!<\/p>\n<p>Sobre l\u2019actuaci\u00f3 de dos concursants valencianoparlants a\u00a0<em>First Dates<\/em>, un programa de Cuatro.<\/p>\n<p><strong>\u00c9s l\u2019unic tuit que lamente i demane perd\u00f3 per haver usat impr\u00f2piament l\u2019expressi\u00f3 discapacitats mentals ofenent a altres persones.<\/strong><\/p>\n<hr \/>\n<p><a href=\"https:\/\/twitter.com\/eugeniovinas\"><strong>Eugenio Vi\u00f1as<\/strong><strong>\u200f\u00a0<\/strong>@eugeniovinas<\/a><br \/>\nNo fue solo RTVV (ni todo RTVV). Fue el establishment medi\u00e1tico valenciano. Recordad: mayor\u00edas absolutas de 07 y 11. <a href=\"https:\/\/twitter.com\/hashtag\/EstrategiaDelSilencio?src=hash\">#EstrategiaDelSilencio<\/a><\/p>\n<p><a href=\"https:\/\/twitter.com\/RafaXambo\"><strong>Rafa Xamb\u00f3<\/strong>\u00a0@RafaXambo<\/a><br \/>\nS\u00ed,\u00a0massa c\u00f2mplices i\u00a0silencis covards als mitjans valencians\u00a0<a href=\"https:\/\/t.co\/KQCQr9gXmS?tw_i=868953947297460224&amp;tw_e=link&amp;tw_p=archive\"><u>twitter.com\/eugeniovinas\/s\u2026<\/u><\/a><\/p>\n<hr \/>\n<p><a href=\"https:\/\/twitter.com\/rac1\"><strong>RAC1<\/strong><strong>\u200f<\/strong><strong>Cuenta verificada<\/strong><strong>\u00a0<\/strong>@rac1<\/a><br \/>\nJavier Maroto creu que la directiva del Bar\u00e7a ha rebut pressions de la Generalitat<\/p>\n<p><a href=\"https:\/\/twitter.com\/RafaXambo\"><strong>Rafa Xamb\u00f3<\/strong>\u00a0@RafaXambo<\/a><br \/>\nJa li agradaria al 5\u00e8 partit de qualsevol lloc gaudir la cobertura medi\u00e0tica que li donen\u00a0al PP a Catalunya. No s&#8217;ho mereixen\u00a0<a href=\"https:\/\/t.co\/36lePH5NgQ?tw_i=861494993437032448&amp;tw_e=link&amp;tw_p=archive\"><u>twitter.com\/rac1\/status\/86\u2026<\/u><\/a><\/p>\n<hr \/>\n<p><a href=\"https:\/\/twitter.com\/Valencianistasc\"><strong>Valencianistas caste<\/strong><strong>\u200f\u00a0<\/strong>@Valencianistasc<\/a><br \/>\nEl PP de Cantabria se aprovech\u00f3 de un discapacitado ps\u00edquico para pagar las cuotas de sus militantes<\/p>\n<p><a href=\"https:\/\/twitter.com\/RafaXambo\"><strong>Rafa Xamb\u00f3<\/strong>\u00a0@RafaXambo<\/a><br \/>\nRates de claveguera\u00a0<a href=\"https:\/\/t.co\/IMzs7y52nt?tw_i=859177228713820160&amp;tw_e=link&amp;tw_p=archive\"><u>twitter.com\/valencianistas\u2026<\/u><\/a><\/p>\n<hr \/>\n<p><a href=\"https:\/\/twitter.com\/meneame_net\"><strong>Men\u00e9ame noticias<\/strong><strong>\u200f<\/strong><strong>Cuenta verificada<\/strong><strong>\u00a0<\/strong>@meneame_net<\/a><br \/>\nAs\u00ed se las gasta la exministra y exdiputada del PP por Murcia \u00c9lvira Rodr\u00edguez: \u201cRecoge&#8230; <a href=\"https:\/\/t.co\/EADCa9maSr\">http:\/\/www.meneame.net\/story\/asi-gasta-exministra-exdiputada-pp-murcia-elvira-rodriguez-tus\u00a0\u2026<\/a><\/p>\n<p><a href=\"http:\/\/www.lacronicadelpajarito.es\/espana\/asi-se-gasta-exministra-y-exdiputada-del-pp-por-murcia-elvira-rodriguez-recoge-tus-cosas\">As\u00ed se las gasta la exministra y exdiputada del PP por Murcia \u00c9lvira Rodr\u00edguez: \u201cRecoge tus cosas, man\u0303ana no vuelves\u201d<\/a><br \/>\npor\u00a0<a href=\"https:\/\/www.meneame.net\/user\/Pafman\/history\"><strong>Pafman<\/strong><\/a>\u00a0a\u00a0<strong>lacronicadelpajarito.es<\/strong>\u00a0\u00a0\u00a002\/05 14:46\u00a0publicado:\u00a002\/05 16:30<br \/>\nUGT denuncia que la empresa pu\u0301blica Tragsatec ha despedido en su delegacio\u0301n de Valencia a 14 trabajadores, entre ellos, una embarazada, un padre en permiso de paternidad, una madre con reduccio\u0301n de jornada y un sindicalista..<\/p>\n<p><a href=\"https:\/\/twitter.com\/RafaXambo\"><strong>Rafa Xamb\u00f3<\/strong>\u00a0@RafaXambo<\/a><br \/>\nOtra de v\u00f3mito\u00a0<a href=\"https:\/\/t.co\/mTx9lxEmmw?tw_i=859417897214652417&amp;tw_e=link&amp;tw_p=archive\"><u>twitter.com\/meneame_net\/st\u2026<\/u><\/a><\/p>\n<hr \/>\n<p><a href=\"https:\/\/twitter.com\/RafaXambo\"><strong>Rafa Xamb\u00f3<\/strong><strong>\u200f\u00a0<\/strong>@RafaXambo<\/a><br \/>\nAi, que em pixe!<\/p>\n<p><a href=\"https:\/\/blocs.mesvilaweb.cat\/wp-content\/uploads\/sites\/1695\/2017\/07\/xambo7.jpg\"><img class=\"alignnone size-medium wp-image-267544\" src=\"https:\/\/blocs.mesvilaweb.cat\/wp-content\/uploads\/sites\/1695\/2017\/07\/xambo7-300x225.jpg\" alt=\"\" width=\"300\" height=\"225\" srcset=\"https:\/\/blocs.mesvilaweb.cat\/wp-content\/uploads\/sites\/1695\/2017\/07\/xambo7-300x225.jpg 300w, https:\/\/blocs.mesvilaweb.cat\/wp-content\/uploads\/sites\/1695\/2017\/07\/xambo7-305x230.jpg 305w, https:\/\/blocs.mesvilaweb.cat\/wp-content\/uploads\/sites\/1695\/2017\/07\/xambo7.jpg 527w\" sizes=\"(max-width: 300px) 100vw, 300px\" \/><\/a><\/p>\n<hr \/>\n<p><a href=\"https:\/\/twitter.com\/Tremending\"><strong>Tremending<\/strong><strong>\u200f<\/strong><strong>Cuenta verificada<\/strong><strong>\u00a0<\/strong>@Tremending<\/a><br \/>\nAlbert Rivera concede una entrevista a Vanity Fair y los tuiteros lo convierten \u2018en carne de meme\u2019 <a href=\"https:\/\/t.co\/dkPk1MWGuX\">http:\/\/www.publico.es\/tremending\/2017\/05\/19\/twitter-albert-rivera-concede-una-entrevista-a-vanity-fair-y-los-tuiteros-lo-convierten-en-carne-de-meme\/\u00a0\u2026<\/a><\/p>\n<p><a href=\"https:\/\/twitter.com\/RafaXambo\"><strong>Rafa Xamb\u00f3<\/strong>\u00a0@RafaXambo<\/a><br \/>\nUn mo\u00f1as\u00a0<a href=\"https:\/\/t.co\/EUzrvZDCGC\">https:\/\/twitter.com\/tremending\/status\/865615542115323905\u00a0\u2026<\/a><\/p>\n<hr \/>\n<p><a href=\"https:\/\/twitter.com\/ARAbalears\"><strong>RA Balears<\/strong><strong>\u200f\u00a0<\/strong>@ARAbalears<\/a><br \/>\nCiutadans defensa que hi havia dem\u00f2crates en el b\u00e0ndol de Franco<\/p>\n<p><a href=\"https:\/\/twitter.com\/RafaXambo\"><strong>Rafa Xamb\u00f3<\/strong>\u00a0@RafaXambo<\/a><br \/>\nI violadors feministes i\u00a0pacifistes assassins\u00a0i abstemis borratxos i gent de C&#8217;s\u00a0<a href=\"https:\/\/t.co\/chRZ3UO2VN?tw_i=869814652385071104&amp;tw_e=link&amp;tw_p=archive\"><u>twitter.com\/arabalears\/sta\u2026<\/u><\/a><\/p>\n<hr \/>\n<p><a href=\"https:\/\/twitter.com\/elpuntavui\"><strong>El Punt Avui<\/strong><strong>\u200f\u00a0<\/strong>@elpuntavui<\/a><br \/>\nJim\u00e9nez confirma que Antonio Hernando ha presentat la seva dimissi\u00f3 com a portaveu del Grup Socialista al Congr\u00e9s<\/p>\n<p><a href=\"https:\/\/twitter.com\/RafaXambo\"><strong>Rafa Xamb\u00f3<\/strong>\u00a0@RafaXambo<\/a><br \/>\nEl\u00a0perfecte tra\u00efdor\u00a0que l&#8217;ha cagada\u00a0<a href=\"https:\/\/t.co\/h51BKx7pB9?tw_i=866398264169553925&amp;tw_e=link&amp;tw_p=archive\"><u>twitter.com\/elpuntavui\/sta\u2026<\/u><\/a><\/p>\n<hr \/>\n<p><a href=\"https:\/\/twitter.com\/publico_es\"><strong>P\u00fablico<\/strong><strong>\u200f<\/strong><strong>Cuenta verificada<\/strong><strong>\u00a0<\/strong>@publico_es<\/a><br \/>\nEl PSOE ayuda a PP y C&#8217;s: los comisarios de la &#8216;brigada pol\u00edtica&#8217; no ir\u00e1n a la comisi\u00f3n <a href=\"https:\/\/t.co\/ysjXvhc4DR\">http:\/\/www.publico.es\/politica\/cloacas-interior-psoe-ayuda-pp.html<\/a>\u00a0\u2026 Por <a href=\"https:\/\/twitter.com\/tableroglobal\">@tableroglobal<\/a><\/p>\n<p><a href=\"https:\/\/twitter.com\/RafaXambo\"><strong>Rafa Xamb\u00f3<\/strong>\u00a0@RafaXambo<\/a><br \/>\nTantas primarias para seguir con la misma porqueria pol\u00edtica\u00a0<a href=\"https:\/\/t.co\/iWtD3u7SWS\">https:\/\/twitter.com\/publico_es\/status\/869315920631652352\u00a0\u2026<\/a><\/p>\n<hr \/>\n<p><a href=\"https:\/\/twitter.com\/RafaXambo\"><strong>Rafa Xamb\u00f3<\/strong>\u00a0@RafaXambo<\/a><br \/>\n<a href=\"https:\/\/twitter.com\/Nomdedeu\">@<strong>Nomdedeu<\/strong><\/a>\u00a0Aneu amb compte que no\u00a0furte el paper<\/p>\n<p>Referit a la compareixen\u00e7a de Cotino en les Corts<\/p>\n<hr \/>\n<p><a href=\"https:\/\/twitter.com\/xapo_\"><strong>apo<\/strong><strong>\u200f\u00a0<\/strong>@xapo_<\/a><br \/>\nSi a estas alturas alguien piensa seguir votando al PP en Val\u00e8ncia es que no est\u00e0 vivo <a href=\"https:\/\/twitter.com\/hashtag\/EstrategiaDelSilencio?src=hash\">#EstrategiaDelSilencio<\/a><\/p>\n<p><a href=\"https:\/\/twitter.com\/RafaXambo\"><strong>Rafa Xamb\u00f3<\/strong>\u00a0@RafaXambo<\/a><br \/>\nO es muy\u00a0inmoral o muy lerdo\u00a0<a href=\"https:\/\/t.co\/Xv1fzn1hZD?tw_i=868956124833353728&amp;tw_e=link&amp;tw_p=archive\"><u>twitter.com\/xapo_\/status\/8\u2026<\/u><\/a><\/p>\n<hr \/>\n<p><a href=\"https:\/\/twitter.com\/Cazatalentos\"><strong>Paco Lobo<\/strong><strong>\u200f\u00a0<\/strong>@Cazatalentos<\/a><br \/>\nDicen&#8230; &#8220;en ning\u00fan pa\u00eds se pita el himno&#8221; \u00bfpor qu\u00e9 ser\u00e1?<\/p>\n<p><a href=\"https:\/\/twitter.com\/RafaXambo\"><strong>Rafa Xamb\u00f3<\/strong>\u00a0@RafaXambo<\/a><br \/>\nPorque huele a\u00a0intolerancia y fascismo?\u00a0<a href=\"https:\/\/t.co\/tXTzv2YhRg?tw_i=868831268703797248&amp;tw_e=link&amp;tw_p=archive\"><u>twitter.com\/cazatalentos\/s\u2026<\/u><\/a><\/p>\n<hr \/>\n<p><a href=\"https:\/\/twitter.com\/ctxt_es\"><strong>CTXT<\/strong><strong>\u200f\u00a0<\/strong>@ctxt_es<\/a><br \/>\nFerreras &#8220;se porta de cine&#8221; con los pol\u00edticos que dice criticar.Nosotros NO. Suscr\u00edbete y acaba con la prensa cloaca <a href=\"https:\/\/t.co\/p79j3l8NIc\">http:\/\/Agoractxt.com<\/a><\/p>\n<p><a href=\"https:\/\/twitter.com\/RafaXambo\"><strong>Rafa Xamb\u00f3<\/strong>\u00a0@RafaXambo<\/a><br \/>\nL&#8217;impostor que\u00a0pretenia ser progressista\u00a0<a href=\"https:\/\/t.co\/OV9Is561hj?tw_i=860819448315379717&amp;tw_e=link&amp;tw_p=archive\"><u>twitter.com\/ctxt_es\/status\u2026<\/u><\/a><\/p>\n<hr \/>\n<p><a href=\"https:\/\/twitter.com\/RafaXambo\"><strong>Rafa Xamb\u00f3<\/strong>\u00a0@RafaXambo<\/a><br \/>\n<a href=\"https:\/\/twitter.com\/AprofundirCanvi\">@AprofundirCanvi<\/a>\u00a0<a href=\"https:\/\/twitter.com\/sanminco\">@sanminco<\/a>\u00a0<a href=\"https:\/\/twitter.com\/Podem_\">@Podem_<\/a>\u00a0<a href=\"https:\/\/twitter.com\/Estany_\">@Estany_<\/a>\u00a0Una gran idea acudir a eixa televisi\u00f3 que tant agrada als cr\u00edtics, alternatius i partidaris d&#8217;aprofundir el canvi<\/p>\n<p>Referit al programa El Faro<\/p>\n<hr \/>\n<p><a href=\"https:\/\/twitter.com\/levante_emv\"><strong>Levante-EMV<\/strong><strong>\u200f<\/strong><strong>Cuenta verificada<\/strong><strong>\u00a0<\/strong>@levante_emv<\/a><br \/>\n<a href=\"https:\/\/twitter.com\/hashtag\/OPINI%C3%93N?src=hash\">#OPINI\u00d3N<\/a> | Comprom\u00eds y el chivo <a href=\"https:\/\/t.co\/3O2lO0Z5Fz\">http:\/\/www.levante-emv.com\/opinion\/2017\/06\/02\/compromis-chivo\/1574946.html\u00a0\u2026<\/a> Por <a href=\"https:\/\/twitter.com\/Tonicanto1\">@Tonicanto1<\/a><\/p>\n<p><a href=\"https:\/\/twitter.com\/RafaXambo\"><strong>Rafa Xamb\u00f3<\/strong>\u00a0@RafaXambo<\/a><br \/>\nBasurilla irrelevante\u00a0<a href=\"https:\/\/t.co\/piA5byZTh9\">https:\/\/twitter.com\/levante_emv\/status\/870583288615907328\u00a0\u2026<\/a><\/p>\n<hr \/>\n<p><a href=\"https:\/\/twitter.com\/RafaXambo\"><strong>Rafa Xamb\u00f3<\/strong>\u00a0@RafaXambo<\/a><br \/>\n<a href=\"https:\/\/twitter.com\/perefuset\">@<strong>perefuset<\/strong><\/a>\u00a0<a href=\"https:\/\/twitter.com\/ConcepcioFerrer\">@<strong>ConcepcioFerrer<\/strong><\/a>\u00a0Molt pat\u00e8tic. I l&#8217;article del Canto\u00a0pura caca<\/p>\n<hr \/>\n<p><a href=\"https:\/\/twitter.com\/SEReuskadi\"><strong>SER Euskadi<\/strong><strong>\u200f\u00a0<\/strong>@SEReuskadi<\/a><br \/>\nArtolazabal: \u201c600 euros al mes garantiza una vida digna\u201d <a href=\"https:\/\/t.co\/7PuVa8DxVE\">http:\/\/cadenaser.com\/emisora\/2017\/06\/01\/radio_bilbao\/1496338853_056687.html\u00a0\u2026<\/a><\/p>\n<p><a href=\"https:\/\/twitter.com\/RafaXambo\"><strong>Rafa Xamb\u00f3<\/strong>\u00a0@RafaXambo<\/a><br \/>\nUna\u00a0loca de la vida\u00a0<a href=\"https:\/\/t.co\/aZMc3cDPjx?tw_i=870746669368913920&amp;tw_e=link&amp;tw_p=archive\"><u>twitter.com\/sereuskadi\/sta\u2026<\/u><\/a><\/p>\n<hr \/>\n<p><a href=\"https:\/\/twitter.com\/joanmariapique\"><strong>Joan Maria Piqu\u00e9 \u200f\u0646<\/strong><strong>\u200f\u00a0<\/strong>@joanmariapique<\/a><br \/>\nAqu\u00ed se critica mucho a Trump pero ya hubo quien se dio cuenta antes<\/p>\n<p>(Rajoy q\u00fcestionant el canvi clim\u00e0tic)<\/p>\n<p><a href=\"https:\/\/twitter.com\/RafaXambo\"><strong>Rafa Xamb\u00f3<\/strong>\u00a0@RafaXambo<\/a><br \/>\nLadies and gentlemen: aix\u00f2 \u00e9s un\u00a0cret\u00ed\u00a0<a href=\"https:\/\/t.co\/4BoaLU0MZq?tw_i=870968382174134273&amp;tw_e=link&amp;tw_p=archive\"><u>twitter.com\/joanmariapique\u2026<\/u><\/a><\/p>\n<hr \/>\n<p><a href=\"https:\/\/twitter.com\/zoidoJI\"><strong>Juan Ignacio Zoido<\/strong><strong>\u200f<\/strong><strong>Cuenta verificada<\/strong><strong>\u00a0<\/strong>@zoidoJI<\/a><br \/>\nHoy hace 49 a\u00f1os que ETA asesin\u00f3 por primera vez. Recordamos al agente de <a href=\"https:\/\/twitter.com\/guardiacivil\">@guardiacivil<\/a> Jos\u00e9 Pardines, m\u00e1rtir de nuestra democracia <a href=\"https:\/\/twitter.com\/hashtag\/memoria?src=hash\">#memoria<\/a><\/p>\n<p><a href=\"https:\/\/twitter.com\/RafaXambo\"><strong>Rafa Xamb\u00f3<\/strong>\u00a0@RafaXambo<\/a><br \/>\nFa 49 anys no hi havia democr\u00e0cia,\u00a0MENISTRO\u00a0<a href=\"https:\/\/t.co\/29tBzFTLrL?tw_i=872839170263322624&amp;tw_e=link&amp;tw_p=archive\"><u>twitter.com\/zoidoji\/status\u2026<\/u><\/a><\/p>\n<hr \/>\n<p><strong>Margallo utiliza a la esposa de Puigdemont para cargar contra el proc\u00e9s<\/strong><br \/>\nEl exministro de Asuntos exteriores\u00a0<strong>Jos\u00e9 Manuel Garc\u00eda Margallo<\/strong>argument\u00f3 este martes en el programa\u00a0<em>El Cascabel<\/em>\u00a0de\u00a0<em>13tv<\/em>\u00a0la convicci\u00f3n independentista del president,\u00a0<strong>Carles Puigdemont<\/strong>, atribuyendo a su esposa,\u00a0<strong>Marcela Topor<\/strong>, la afirmaci\u00f3n que preferir\u00eda &#8220;morir de hambre en\u00a0Barcelona&#8221;, en una Catalunya independiente, antes que disponer de un mayor bienestar dentro de Espa\u00f1a.<\/p>\n<p><a href=\"https:\/\/twitter.com\/RafaXambo\"><strong>Rafa Xamb\u00f3<\/strong>\u00a0@RafaXambo<\/a><br \/>\nQu\u00e9\u00a0asco de gente:\u00a0<a href=\"https:\/\/t.co\/CMajfofksg?tw_i=872592742848880640&amp;tw_e=link&amp;tw_p=archive\"><u>elnacional.cat\/es\/politica\/ma\u2026<\/u><\/a><\/p>\n<hr \/>\n<p><a href=\"https:\/\/twitter.com\/subversivos_\"><strong>Subversivos_<\/strong><strong>\u200f\u00a0<\/strong>@subversivos_<\/a><br \/>\nEl portavoz de <a href=\"https:\/\/twitter.com\/ppmadrid\">@ppmadrid<\/a> , <a href=\"https:\/\/twitter.com\/angelgarridog\">@angelgarridog<\/a> nuevo hombre de Croma\u00f1on machista y vomitivo , insulta a <a href=\"https:\/\/twitter.com\/LorenaRuiz_H\">@LorenaRuiz_H<\/a> <a href=\"https:\/\/twitter.com\/hashtag\/EchemosACifuentes?src=hash\">#EchemosACifuentes<\/a><\/p>\n<p><a href=\"https:\/\/twitter.com\/RafaXambo\"><strong>Rafa Xamb\u00f3<\/strong>\u00a0@RafaXambo<\/a><br \/>\nUn\u00a0imb\u00e8cil integral\u00a0profundament masclista\u00a0<a href=\"https:\/\/t.co\/RH1Jwz4H2Q?tw_i=872815154710417409&amp;tw_e=link&amp;tw_p=archive\"><u>twitter.com\/subversivos_\/s\u2026<\/u><\/a><\/p>\n<hr \/>\n<p><a href=\"https:\/\/twitter.com\/RafaXambo\"><strong>Rafa Xamb\u00f3<\/strong>\u00a0@RafaXambo<\/a><br \/>\n<a href=\"https:\/\/twitter.com\/VictorMaceda\">@<strong>VictorMaceda<\/strong><\/a>\u00a0<a href=\"https:\/\/twitter.com\/jaguimera\">@<strong>jaguimera<\/strong><\/a>\u00a0En un pa\u00eds digne s&#8217;hauria d&#8217;esborrar\u00a0del mapa<\/p>\n<p>Sobre la diputada popular valenciana Beatriz Gasc\u00f3<\/p>\n<hr \/>\n<p>\u00b7<a href=\"https:\/\/twitter.com\/OtroAtleta\"><strong> \u0454\u043c\u03b9\u2113\u03b9\u03c3 \u03b7\u03c3\u03bd\u00e1\u0455&#x2122; \u2022<\/strong><strong>\u200f\u00a0<\/strong>@OtroAtleta<\/a><br \/>\n23 segundos tardaron en sentirse ofendidos. Algo haces bien <a href=\"https:\/\/twitter.com\/gabrielrufian\">@gabrielrufian<\/a>.<\/p>\n<p>V\u00eddeo sobre les preguntes de Gabriel Rufi\u00e1n a Ignacio Cosid\u00f3, ex director general de la polic\u00eda en comissi\u00f3 d\u2019investigaci\u00f3<\/p>\n<p><a href=\"https:\/\/twitter.com\/RafaXambo\"><strong>Rafa Xamb\u00f3<\/strong>\u00a0@RafaXambo<\/a><br \/>\nEstem\u00a0en mans de\u00a0g\u00e0nsters\u00a0<a href=\"https:\/\/t.co\/BH9fIk4b19?tw_i=872216784375623680&amp;tw_e=link&amp;tw_p=archive\"><u>twitter.com\/otroatleta\/sta\u2026<\/u><\/a><\/p>\n<hr \/>\n<p><a href=\"https:\/\/twitter.com\/motxet\"><strong>Motxo\u00a0<\/strong><strong>&#x1f43a;<\/strong><strong>\u200f\u00a0<\/strong>@motxet<\/a><br \/>\nHo han tornat a fer&#8230; <a href=\"https:\/\/twitter.com\/sextaNoticias\">@sextaNoticias<\/a> <a href=\"https:\/\/twitter.com\/escanyat\">@escanyat<\/a> <a href=\"https:\/\/twitter.com\/JaumeICastigaor\">@JaumeICastigaor<\/a><\/p>\n<p>(\/Disculpar-se per saludar en valenci\u00e0)<\/p>\n<p><a href=\"https:\/\/twitter.com\/RafaXambo\"><strong>Rafa Xamb\u00f3<\/strong>\u00a0@RafaXambo<\/a><br \/>\nEst\u00fapida\u00a0<a href=\"https:\/\/t.co\/NqK3lRSmhq?tw_i=871010571298234368&amp;tw_e=link&amp;tw_p=archive\"><u>twitter.com\/motxet\/status\/\u2026<\/u><\/a><\/p>\n<hr \/>\n<p><a href=\"https:\/\/twitter.com\/CGTRTVV\"><strong>CGT #RTVVtornarem<\/strong><strong>\u200f\u00a0<\/strong>@CGTRTVV<\/a><br \/>\nLluis Motes, Lluis Malnoms segons <a href=\"https:\/\/twitter.com\/levante_emv\">@levante_emv<\/a> , el principal manipulador de <a href=\"https:\/\/twitter.com\/hashtag\/RTVV?src=hash\">#RTVV<\/a> donant lli\u00e7ons d&#8217;\u00e8tica des de la seua columna<\/p>\n<p><a href=\"https:\/\/twitter.com\/RafaXambo\"><strong>Rafa Xamb\u00f3<\/strong>\u00a0@RafaXambo<\/a><br \/>\nAix\u00f2 m\u00e9s que columna \u00e9s un\u00a0abocador de porqueria\u00a0<a href=\"https:\/\/t.co\/Q5eUlJ8hYs?tw_i=871012790164652032&amp;tw_e=link&amp;tw_p=archive\"><u>twitter.com\/cgtrtvv\/status\u2026<\/u><\/a><\/p>\n<hr \/>\n<p><a href=\"https:\/\/twitter.com\/europapress\"><strong>Europa Press<\/strong><strong>\u200f<\/strong><strong>Cuenta verificada<\/strong><strong>\u00a0<\/strong>@europapress<\/a><br \/>\n<a href=\"https:\/\/twitter.com\/hashtag\/LoMasVisto?src=hash\">#LoMasVisto<\/a> | &#8220;Somos la izquierda&#8221;, lema escogido por Pedro S\u00e1nchez para el 39 Congreso Federal del PSOE <a href=\"https:\/\/t.co\/P1JiDdhriE\">http:\/\/bit.ly\/2r51CtJ<\/a><\/p>\n<p><a href=\"https:\/\/twitter.com\/RafaXambo\"><strong>Rafa Xamb\u00f3<\/strong>\u00a0@RafaXambo<\/a><br \/>\nAix\u00f2 de la casa comuna, l&#8217;esquerra real i altres roman\u00e7os \u00e9s vell.\u00a0Quants diners deveu\u00a0al Santander?\u00a0<a href=\"https:\/\/t.co\/adX2M5Fl3t?tw_i=872562109506363392&amp;tw_e=link&amp;tw_p=archive\"><u>twitter.com\/europapress\/st\u2026<\/u><\/a><\/p>\n<hr \/>\n<p><a href=\"https:\/\/twitter.com\/iblanco_eu\"><strong>Ignacio Blanco<\/strong><strong>\u200f\u00a0<\/strong>@iblanco_eu<\/a><br \/>\n<a href=\"https:\/\/twitter.com\/hashtag\/referendumCAT?src=hash\">#referendumCAT<\/a> 1 d&#8217;octubre de 2017: &#8220;Voleu que Catalunya sigui un estat independent en forma de rep\u00fablica?&#8221; Jo, si f\u00f3ra catal\u00e0, votaria S\u00cd<\/p>\n<p><a href=\"https:\/\/twitter.com\/RafaXambo\"><strong>Rafa Xamb\u00f3<\/strong>\u00a0@RafaXambo<\/a><br \/>\nJo tamb\u00e9\u00a0<a href=\"https:\/\/t.co\/lWoMMevegT?tw_i=873289443968520192&amp;tw_e=link&amp;tw_p=archive\"><u>twitter.com\/iblanco_eu\/sta\u2026<\/u><\/a><\/p>\n<hr \/>\n<p>Sobre la discussi\u00f3 amb la Unio de Periodistes<\/p>\n<p><a href=\"https:\/\/twitter.com\/calata68\"><strong>Armand Calatayud<\/strong>\u00a0@calata68<\/a><br \/>\nEst\u00e1n en el seu dret encara que siga un altra pedra en el cam\u00ed i que nom\u00e9s 84, de m\u00e9s de mil, votaren per l&#8217;inpugnaci\u00f3. Paciencia.\u00a0<a href=\"https:\/\/t.co\/FXPVWHG81o\">https:\/\/twitter.com\/RafaXambo\/status\/873531370424995840\u00a0\u2026<\/a><\/p>\n<p><a href=\"https:\/\/twitter.com\/RafaXambo\"><strong>Rafa Xamb\u00f3<\/strong>\u00a0@RafaXambo<\/a><br \/>\n<a href=\"https:\/\/twitter.com\/calata68\">@calata68<\/a>\u00a0S\u00ed, per\u00f2 el que impugnen \u00e9s un acord amb CCOO, IV i UGT que s\u00f3n prou m\u00e9s representatives. Fan treball groc<br \/>\n<a href=\"https:\/\/twitter.com\/RafaXambo\/status\/873908676289081344\">16:23 &#8211; 11 Jun 2017<\/a><\/p>\n<p><a href=\"https:\/\/twitter.com\/RafaXambo\/status\/873531370424995840\">10 Jun<\/a><br \/>\n<a href=\"https:\/\/twitter.com\/RafaXambo\"><strong>Rafa Xamb\u00f3<\/strong>\u00a0@RafaXambo<\/a><br \/>\nNo tenen + de mil afiliats? La Uni\u00f3 de Periodistes Valencians impugnar\u00e1 la bolsa temporal de trabajo de &#8216;\u00e0.&#8217;\u00a0<a href=\"https:\/\/t.co\/6RjczYd83y\">http:\/\/www.levante-emv.com\/comunitat-valenciana\/2017\/06\/10\/unio-periodistes-valencians-impugnara-bolsa\/1578844.html\u00a0\u2026<\/a><\/p>\n<p><a href=\"https:\/\/twitter.com\/RafaXambo\"><strong>Rafa Xamb\u00f3<\/strong>\u00a0@RafaXambo<\/a><br \/>\nEls mitjans on treballen els q han votat baixaren salaris quan tanc\u00e0\u00a0<a href=\"https:\/\/twitter.com\/hashtag\/RTVV?src=hash\">#RTVV<\/a>. Ara fan el q siga x evitar q tornen a pujar. Al servei dels amos<br \/>\n<a href=\"https:\/\/twitter.com\/RafaXambo\/status\/873532328445980672\">15:28 &#8211; 10 Jun 2017<\/a><\/p>\n","protected":false},"excerpt":{"rendered":"<p>Fa un mes em vaig trobar en la desagradable situaci&oacute; de ser objecte d&rsquo;un gens fonamentat article contra mi <a href=\"https:\/\/blocs.mesvilaweb.cat\/Xambo\/?p=267521\"><br \/>Llegir m&eacute;s<\/a><\/p>\n","protected":false},"author":3,"featured_media":0,"comment_status":"closed","ping_status":"closed","sticky":false,"template":"","format":"standard","meta":[],"categories":[31],"tags":[],"_links":{"self":[{"href":"http:\/\/www.rafaxambo.net\/index.php?rest_route=\/wp\/v2\/posts\/443"}],"collection":[{"href":"http:\/\/www.rafaxambo.net\/index.php?rest_route=\/wp\/v2\/posts"}],"about":[{"href":"http:\/\/www.rafaxambo.net\/index.php?rest_route=\/wp\/v2\/types\/post"}],"author":[{"embeddable":true,"href":"http:\/\/www.rafaxambo.net\/index.php?rest_route=\/wp\/v2\/users\/3"}],"replies":[{"embeddable":true,"href":"http:\/\/www.rafaxambo.net\/index.php?rest_route=%2Fwp%2Fv2%2Fcomments&post=443"}],"version-history":[{"count":1,"href":"http:\/\/www.rafaxambo.net\/index.php?rest_route=\/wp\/v2\/posts\/443\/revisions"}],"predecessor-version":[{"id":444,"href":"http:\/\/www.rafaxambo.net\/index.php?rest_route=\/wp\/v2\/posts\/443\/revisions\/444"}],"wp:attachment":[{"href":"http:\/\/www.rafaxambo.net\/index.php?rest_route=%2Fwp%2Fv2%2Fmedia&parent=443"}],"wp:term":[{"taxonomy":"category","embeddable":true,"href":"http:\/\/www.rafaxambo.net\/index.php?rest_route=%2Fwp%2Fv2%2Fcategories&post=443"},{"taxonomy":"post_tag","embeddable":true,"href":"http:\/\/www.rafaxambo.net\/index.php?rest_route=%2Fwp%2Fv2%2Ftags&post=443"}],"curies":[{"name":"wp","href":"https:\/\/api.w.org\/{rel}","templated":true}]}}