{"id":445,"date":"2015-06-10T18:52:44","date_gmt":"2015-06-10T18:52:44","guid":{"rendered":"http:\/\/blocs.mesvilaweb.cat\/Xambo\/?p=267517"},"modified":"2015-06-10T18:52:44","modified_gmt":"2015-06-10T18:52:44","slug":"una-altra-aritmtica-s-possible-o-qui-t-por-de-comproms","status":"publish","type":"post","link":"http:\/\/www.rafaxambo.net\/?p=445","title":{"rendered":"Una altra aritm&egrave;tica &eacute;s possible o qui t&eacute; por de Comprom&iacute;s"},"content":{"rendered":"<p>Deu ser l\u2019escassa cultura pol\u00edtica democr\u00e0tica, l\u2019escassa tradici\u00f3 de pactes de govern que no siguen corruptes -com ens recorda el pacte del pollastre amb qu\u00e8 es va iniciar el malson ara fa 20 anys amb Zaplana i Lizondo-, deu ser el terror a que reaparega\u00a0 la m\u00e9s m\u00ednima possibilitat de govern del Partit Popular, deu ser que tenim pressa perqu\u00e8 no ens refiem dels principals actors, el cas \u00e9s que totes les persones que hem votat canvi per l\u2019esquerra i el valencianisme estem patint tant o m\u00e9s com gaud\u00edrem la nit electoral. Resultaria dif\u00edcil de suportar un govern que llanc\u00e9s a perdre aquestes expectatives des de la seua mateixa constituci\u00f3. Aix\u00f2 \u00e9s el que sembla que algun dels actors principals vol ignorar mentre busca estrat\u00e8gies de personalitzaci\u00f3 \u2013 la suposada perversitat depredadora de M\u00f3nica Oltra- i malda per \u00a0l\u2019hegemonia medi\u00e0tica amb la coral d\u2019opinadors veterans de la vella escola del periodisme de sal\u00f3. \u00a0Ara, a m\u00e9s, refor\u00e7ada per la gosadia postmoderna d\u2019alguns\u00a0 joves periodistes m\u00e9s ben dotats per a engroguir el que tracten que per al rigor. \u00c9s senzillament repugnant tot el reguitzell d\u2019estupideses de caire personal que s\u2019han abocat sobre M\u00f3nica Oltra i que no caur\u00e9 en la temptaci\u00f3 \u2013qu\u00e8 f\u00e0cil seria- d\u2019equilibrar desbarrant sobre Ximo Puig.<\/p>\n<p>De sobte, l\u2019\u00e0nsia del canvi sembla haver oblidat les pol\u00edtiques que el fan imprescindible i la societat que el demanda. Encara no he llegit, per part del corifeu de suport a \u201cXimo president tant si es vol com si no es vol\u201d, la m\u00e9s m\u00ednima an\u00e0lisi rigorosa de l\u2019enfonsament del vot socialista, del que significa la terrible davallada a la ciutat de Val\u00e8ncia i a l\u2018\u00e0rea metropolitana, i tamb\u00e9 al conjunt del pa\u00eds. Tampoc no he trobat cap apunt sobre les necessitats urgents de la societat valenciana \u2013com aturar la crueltat injusta dels desnonaments, les situacions d\u2019emerg\u00e8ncia social a les fam\u00edlies on no entra cap salari, qu\u00e8 fer amb l\u2019inici de curs que Maria Jos\u00e9 Catal\u00e0 continua ordenant com si hagu\u00e9s guanyat, com recuperar la sanitat p\u00fablica i moltes altres q\u00fcestions urgent\u00edssimes. Ara sembla com que tot \u201cs\u2019arreglar\u00e0\u201d per art de m\u00e0gia si li lliurem la presid\u00e8ncia a qui s\u2019ha erigit en redemptor.<\/p>\n<p>El frac\u00e0s del periodisme d\u2019investigaci\u00f3 -algunes coses s\u00f3n ben senzilles- ha fet que cap periodista s\u2019haja molestat en repassar quines decisions que ens perjudicaven com a valencians ha votat el PSOE valenci\u00e0 a les Corts espanyoles: quantes vegades han callat el finan\u00e7ament injust que patim, quants trens d\u2019alta velocitat i autovies els han passat per davant del nas, com han votat obedientment la reforma de la constituci\u00f3 per pagar primer als bancs o canviar de rei, i moltes altres m\u00e9s. La manera com s\u2019han burlat miserablement de l\u2019esfor\u00e7 de den\u00fancia de Joan Baldov\u00ed desacredita considerablement alguns diputats socialistes. I ac\u00ed, a les Corts valencianes, s\u2019han \u201carreglat\u201d amb el PP la representaci\u00f3 pol\u00edtica a les caixes \u2013Bancaixa i CAM- que ja hem vist com ha acabat, han fet una oposici\u00f3 mel\u00b7l\u00edflua i han pactat amb el PP sempre que ha calgut, tot bandejant l\u2019esquerra del parlament \u2013Comprom\u00eds i EUPV- del pacte de reforma de l\u2019estatutet. Toleraren els centenars de milions que des de RTVV s\u2019abocaren als equips de futbol \u2013 per al Val\u00e8ncia lo que fa\u00e7a falta, van dir- i participaren amb alegria i diners de la desfilada de milionaris per la Copa Am\u00e8rica que anava a dur tant de progr\u00e9s i benestar, tot tractant de llevar-li protagonisme al PP.\u00a0 El lector podria anar afegint molts altres temes que no semblen interessar als mitjans dominants. I davant les den\u00fancies contundents de Comprom\u00eds contra els corruptes, amb samarretes o el que fes falta, ells i el corifeu period\u00edstic, gent d\u2019ordre, han criticat el \u201clamentable espectacle\u201d que donaven les diputades de Comprom\u00eds que li plantaven cara a Camps, a Blasco, a Cotino.<\/p>\n<p>Alguns vells militants de l\u2019esquerra han treballat tant per arribar en aquest moment que ja no poden esperar ni un segon m\u00e9s, no suporten la tensi\u00f3 i volen una resoluci\u00f3 immediata com siga. Sembla que s\u2019han oblidat de tot el que ens ha tra\u00eft i mentit el PSOE, de les seues pol\u00edtiques neoliberals, del seu suport, ara mateix, al TTIP i a les pol\u00edtiques del FMI que ens han dut en aquesta situaci\u00f3 de pobresa creixent per a la majoria i m\u00e9s enriquiment de la minoria \u00ednfima. Podem acceptar l\u2019amena\u00e7a que si no ens traguem el que ells diuen se n\u2019aniran amb Ciudadanos? \u00c9s d\u2019esquerres un tal plantejament? Tenen ja un pacte amb Ciudadanos? Per qu\u00e8 no han esperat a fer p\u00fablic l\u2019acord program\u00e0tic per a parlar de la presid\u00e8ncia? Poden fer-ho dependre tot del fet que Ximo Puig siga president? No tenen dret els possibles socis a voler assegurar-se que no ens la tornaran a pegar? Quina for\u00e7a tindrien per a negociar un bon programa si li lliuren la presid\u00e8ncia sense condicions? Tenen dret a ofendre\u2019s els mateixos actors que posaren en marxa RTVV i iniciaren les pr\u00e0ctiques de control informatiu, censura de paraules i amiguisme si els diguem que no ens en fiem? T\u00e9 molt de trellat enviar a negociar a qui era el secretari d\u2019organitzaci\u00f3 del PSOE amb Felipe Gonz\u00e1lez en l\u2019\u00e8poca del GAL? Pensa el PSOE en el Pa\u00eds Valenci\u00e0 amb aquesta estrat\u00e8gia o busca desesperadament la seua superviv\u00e8ncia?<\/p>\n<p>Una altra aritm\u00e8tica \u00e9s possible. Al remat sembla que all\u00f2 que m\u00e9s pesa \u00e9s la por a un govern liderat per Comprom\u00eds. La por dels de sempre, clar.\u00a0 Per\u00f2, els vells amics de l\u2019esquerra que freturen\u00a0 per un pacte i s\u2019enfaden perqu\u00e8 tarda, s\u2019imaginen Ximo Puig enfrontant-se a Madrid? Se l\u2019imaginen plantant-li\u00a0 cara a les empreses del negoci amb la nostra salut? L\u2019heu vist al costat dels moviments socials i els grups m\u00e9s desfavorits?<\/p>\n<p>Si jo fos Ximo Puig, em demanaria la presid\u00e8ncia de les Corts, acceptaria M\u00f3nica Oltra de presidenta, aconsellaria al meu partit que jubile els cocodrils que porten en c\u00e0rrecs m\u00e9s de trenta anys i nom\u00e9s treballen per la seua superviv\u00e8ncia i que una nova generaci\u00f3 intente aprendre a fer les coses d\u2019una altra manera si volen sobreviure com un partit d\u2019esquerres. La seua feina hauria de ser acompanyar i facilitar el canvi. No estan en condicions de liderar-lo.<\/p>\n<p>Si jo fos M\u00f3nica Oltra, tancaria, si es deixen i l\u2019accepten, un bon programa de govern amb un pacte amb la ciutadania, totalment p\u00fablic i transparent, i buscaria alguna f\u00f3rmula estil prim\u00e0ries per resoldre la presid\u00e8ncia. Davant la vella pol\u00edtica i les maniobres de sal\u00f3, m\u00e9s democr\u00e0cia i transpar\u00e8ncia.<\/p>\n<p>Com que no s\u00f3c ning\u00fa dels dos, m\u2019abrace en l\u2019angoixa als meus vells companys de l\u2019esquerra i la combatem esmolant l\u2019eina per si cal, una vegada m\u00e9s, sublevar-se.<\/p>\n<p>&nbsp;<\/p>\n","protected":false},"excerpt":{"rendered":"<p>Deu ser l&rsquo;escassa cultura pol&iacute;tica democr&agrave;tica, l&rsquo;escassa tradici&oacute; de pactes de govern que no siguen corruptes -com ens recorda <a href=\"https:\/\/blocs.mesvilaweb.cat\/Xambo\/?p=267517\"><br \/>Llegir m&eacute;s<\/a><\/p>\n","protected":false},"author":2,"featured_media":0,"comment_status":"closed","ping_status":"closed","sticky":false,"template":"","format":"standard","meta":[],"categories":[32,33],"tags":[],"_links":{"self":[{"href":"http:\/\/www.rafaxambo.net\/index.php?rest_route=\/wp\/v2\/posts\/445"}],"collection":[{"href":"http:\/\/www.rafaxambo.net\/index.php?rest_route=\/wp\/v2\/posts"}],"about":[{"href":"http:\/\/www.rafaxambo.net\/index.php?rest_route=\/wp\/v2\/types\/post"}],"author":[{"embeddable":true,"href":"http:\/\/www.rafaxambo.net\/index.php?rest_route=\/wp\/v2\/users\/2"}],"replies":[{"embeddable":true,"href":"http:\/\/www.rafaxambo.net\/index.php?rest_route=%2Fwp%2Fv2%2Fcomments&post=445"}],"version-history":[{"count":1,"href":"http:\/\/www.rafaxambo.net\/index.php?rest_route=\/wp\/v2\/posts\/445\/revisions"}],"predecessor-version":[{"id":446,"href":"http:\/\/www.rafaxambo.net\/index.php?rest_route=\/wp\/v2\/posts\/445\/revisions\/446"}],"wp:attachment":[{"href":"http:\/\/www.rafaxambo.net\/index.php?rest_route=%2Fwp%2Fv2%2Fmedia&parent=445"}],"wp:term":[{"taxonomy":"category","embeddable":true,"href":"http:\/\/www.rafaxambo.net\/index.php?rest_route=%2Fwp%2Fv2%2Fcategories&post=445"},{"taxonomy":"post_tag","embeddable":true,"href":"http:\/\/www.rafaxambo.net\/index.php?rest_route=%2Fwp%2Fv2%2Ftags&post=445"}],"curies":[{"name":"wp","href":"https:\/\/api.w.org\/{rel}","templated":true}]}}