{"id":447,"date":"2015-01-05T16:41:48","date_gmt":"2015-01-05T16:41:48","guid":{"rendered":"http:\/\/blocs.mesvilaweb.cat\/Xambo\/?p=267513"},"modified":"2015-01-05T16:41:48","modified_gmt":"2015-01-05T16:41:48","slug":"la-meua-candidatura-a-les-primries-comproms","status":"publish","type":"post","link":"http:\/\/www.rafaxambo.net\/?p=447","title":{"rendered":"La meua candidatura a les prim&agrave;ries Comprom&iacute;s"},"content":{"rendered":"<p><a href=\"https:\/\/blocs.mesvilaweb.cat\/wp-content\/uploads\/sites\/1695\/2015\/01\/Rafa-Xambo-fons-negre.001-1.jpg\"><img class=\"aligncenter size-medium wp-image-267514\" alt=\"Rafa Xambo fons negre.001 (1)\" src=\"https:\/\/blocs.mesvilaweb.cat\/wp-content\/uploads\/sites\/1695\/2015\/01\/Rafa-Xambo-fons-negre.001-1-300x225.jpg\" width=\"300\" height=\"225\" srcset=\"https:\/\/blocs.mesvilaweb.cat\/wp-content\/uploads\/sites\/1695\/2015\/01\/Rafa-Xambo-fons-negre.001-1-300x225.jpg 300w, https:\/\/blocs.mesvilaweb.cat\/wp-content\/uploads\/sites\/1695\/2015\/01\/Rafa-Xambo-fons-negre.001-1-305x230.jpg 305w, https:\/\/blocs.mesvilaweb.cat\/wp-content\/uploads\/sites\/1695\/2015\/01\/Rafa-Xambo-fons-negre.001-1-653x489.jpg 653w, https:\/\/blocs.mesvilaweb.cat\/wp-content\/uploads\/sites\/1695\/2015\/01\/Rafa-Xambo-fons-negre.001-1.jpg 1024w\" sizes=\"(max-width: 300px) 100vw, 300px\" \/><\/a>Animat per un grapat de companyes i companys que pensaven que puc fer un bon paper com a diputat a les properes Corts Valencianes que sortiran de les eleccions de maig, vaig decidir, un poc abans de Nadal, presentar-me a les prim\u00e0ries de Comprom\u00eds. S\u00f3c membre de Comprom\u00eds com a independent i, cas de ser elegit, ocuparia lloc a la llista com a &#8216;Gent de Comprom\u00eds&#8217;.<\/p>\n<p>Ara voldria fer una breu presentaci\u00f3 de la meua persona:<\/p>\n<p>Em diuen Rafa Xamb\u00f3, s\u00f3c d&#8217;Algemes\u00ed, Ribera Alta, fill d&#8217;una fam\u00edlia de llauradors sense terres. Vaig estudiar amb beques i pertany a la primera generaci\u00f3 de les classes populars valencianes que va accedir a la Universitat. A l&#8217;Institut Josep Maria Parra d&#8217;Alzira, on vaig fer el batxillerat, vaig comen\u00e7ar a pensar i llegir pel meu compte i em vaig fer valencianista i d&#8217;esquerres sense remissi\u00f3 si atenem que tinc 60 anys i no me n&#8217;he desdit. Vaig llegir &#8220;El Manifest comunista&#8221; i &#8220;Nosaltres, els valencians&#8221; l&#8217;estiu que complia 18 anys i no me n&#8217;he penedit mai.<\/p>\n<p>Des de ben jove, doncs, he estat implicat en el valencianisme i les esquerres del nostre Pa\u00eds. Mai no he sabut ni he volgut separar les lluites d\u2019emancipaci\u00f3. Per aix\u00f2 entenc que \u00e9s tan important i necessari treballar a favors de les persones m\u00e9s desafavorides, com defensar els drets nacionals del poble valenci\u00e0, la nostra llengua i cultura; comprometre\u2019s amb la igualtat d\u2019homes i dones, \u00e9s a dir, lluitar fermament contra el patriarcat, com defensar els nostres recursos naturals, els nostres rius i un mode de vida respectu\u00f3s amb l\u2019entorn que, ara per ara, vol dir, sobretot, frenar la d\u00e8ria obsessiva del creixement econ\u00f2mic i maldar per cr\u00e9ixer en humanitat, solidaritat, cultura i llibertats civils.<\/p>\n<p>He participat molt activament en els moviments socials i plataformes que es mouen per aquestes idees, com per exemple, Escola Valenciana, X\u00faquer Viu, Ca Revolta, la pel\u2022l\u00edcula Ja En Tenim Prou, Col\u2022lectiu Ovidi Montllor, STEPV a la Universitat, Benimaclet Viu, la Universitat Lliure de Benimaclet&#8230; Sempre m\u2019he guiat doncs, de manera heterodoxa i oberta, per una perspectiva d\u2019esquerres, ecologista i valencianista, ben a prop de les organitzacions principals d\u2019aquest ideari com les que ara s\u2019integren clarament en Comprom\u00eds.<\/p>\n<p>S\u00f3c llicenciat en Psicologia i doctor en Sociologia. Faig de professor de Sociologia a la Universitat de Val\u00e8ncia des del 1987 i he escrit un bon grapat de llibres i articles de recerca i assag\u00edstics sobre sexualitat, joventut, comunicaci\u00f3, cultura, socioling\u00fc\u00edstica, periodisme, moviments socials, etc. He dirigit el Departament de Sociologia i Antropologia Social de la UV (2003-2006) i tamb\u00e9 el Taller d&#8217;Audiovisuals (1991-1998) de la mateixa universitat. En la vessant m\u00e9s creativa em dedique a la m\u00fasica i l\u2019escriptura.<\/p>\n<p>He sigut conseller d\u2019administraci\u00f3 de RTVV en aquesta legislatura a proposta de Comprom\u00eds i fins que el PP la va tancar, tot prenent una mesura autorit\u00e0ria i contra els drets de la ciutadania valenciana a tenir mitjans p\u00fablics en la pr\u00f2pia llengua. A hores d\u2019ara som l\u2019\u00fanic territori de la Uni\u00f3 Europea que no disposa de mitjans p\u00fablics de comunicaci\u00f3 en una de les lleng\u00fces oficials al territori.<br \/>\nPer primera vegada, en aquest per\u00edode i amb el suport del Grup Parlamentari de Comprom\u00eds hem denunciat, com no s\u2019havia fet mai, les pol\u00edtiques corruptes a RTVV, la manipulaci\u00f3, les mentides, els endollats, etc. Vaig denunciar per dos vegades al director general i el consellers del PP davant la fiscalia per les decisions que prenien contra els interessos de la majoria i,especialment, en tot el que ha estat relacionat amb l\u2019ERO salvatge i injust contra els treballadors. Tamb\u00e9 he encap\u00e7alat la den\u00fancia que subscriu tot el Grup Parlamentari, que actualment s\u2019est\u00e0 veient al jutjat de Paterna, i per la qual s\u2019ha imputat els principals responsables de RTVV.<\/p>\n<p>Si compte amb el vostre suport per a ser diputat de Comprom\u00eds, no dubteu que mantindr\u00e9 la fermesa que he tingut contra les pol\u00edtiques del PP i continuar\u00e9 treballant al servei d\u2019aquest poble.<\/p>\n<p>Alguns enlla\u00e7os d\u2019inter\u00e8s sobre la meua activitat:<\/p>\n<p>Bloc sobre RTVV: http:\/\/blocs.mesvilaweb.cat\/xambo\/<\/p>\n<p>Bloc sobre literatura i m\u00e9s: http:\/\/blocs.mesvilaweb.cat\/Rafa_Xambo\/<\/p>\n<p>Confer\u00e8ncia sobre la fi de RTVV: https:\/\/www.youtube.com\/watch?v=UIYnXalMCQ0<\/p>\n<p>Web art\u00edstic: www.rafaxambo.net<\/p>\n<p>Biografia: http:\/\/ca.wikipedia.org\/wiki\/Rafael_Xamb%C3%B3_Olmos<\/p>\n","protected":false},"excerpt":{"rendered":"<p>Animat per un grapat de companyes i companys que pensaven que puc fer un bon paper com a diputat <a href=\"https:\/\/blocs.mesvilaweb.cat\/Xambo\/?p=267513\"><br \/>Llegir m&eacute;s<\/a><\/p>\n","protected":false},"author":2,"featured_media":0,"comment_status":"closed","ping_status":"closed","sticky":false,"template":"","format":"standard","meta":[],"categories":[31],"tags":[],"_links":{"self":[{"href":"http:\/\/www.rafaxambo.net\/index.php?rest_route=\/wp\/v2\/posts\/447"}],"collection":[{"href":"http:\/\/www.rafaxambo.net\/index.php?rest_route=\/wp\/v2\/posts"}],"about":[{"href":"http:\/\/www.rafaxambo.net\/index.php?rest_route=\/wp\/v2\/types\/post"}],"author":[{"embeddable":true,"href":"http:\/\/www.rafaxambo.net\/index.php?rest_route=\/wp\/v2\/users\/2"}],"replies":[{"embeddable":true,"href":"http:\/\/www.rafaxambo.net\/index.php?rest_route=%2Fwp%2Fv2%2Fcomments&post=447"}],"version-history":[{"count":1,"href":"http:\/\/www.rafaxambo.net\/index.php?rest_route=\/wp\/v2\/posts\/447\/revisions"}],"predecessor-version":[{"id":448,"href":"http:\/\/www.rafaxambo.net\/index.php?rest_route=\/wp\/v2\/posts\/447\/revisions\/448"}],"wp:attachment":[{"href":"http:\/\/www.rafaxambo.net\/index.php?rest_route=%2Fwp%2Fv2%2Fmedia&parent=447"}],"wp:term":[{"taxonomy":"category","embeddable":true,"href":"http:\/\/www.rafaxambo.net\/index.php?rest_route=%2Fwp%2Fv2%2Fcategories&post=447"},{"taxonomy":"post_tag","embeddable":true,"href":"http:\/\/www.rafaxambo.net\/index.php?rest_route=%2Fwp%2Fv2%2Ftags&post=447"}],"curies":[{"name":"wp","href":"https:\/\/api.w.org\/{rel}","templated":true}]}}