{"id":449,"date":"2014-11-27T17:57:39","date_gmt":"2014-11-27T17:57:39","guid":{"rendered":"http:\/\/blocs.mesvilaweb.cat\/Xambo\/?p=267507"},"modified":"2014-11-27T17:57:39","modified_gmt":"2014-11-27T17:57:39","slug":"ara-fa-un-any-pas-valenci-en-negre","status":"publish","type":"post","link":"http:\/\/www.rafaxambo.net\/?p=449","title":{"rendered":"Ara fa un any. Pa&iacute;s Valenci&agrave; en negre."},"content":{"rendered":"<p>Ara fa un any, en una nit freda de novembre, despr\u00e9s que el PP havia aprovat una llei a les Corts valencianes en qu\u00e8 el Consell renunciava a una compet\u00e8ncia fonamental i ens negava el dret a mitjans p\u00fablics de comunicaci\u00f3, despr\u00e9s de 25 dies de mentides sobre la insostenibilitat de RTVV, amb la intervenci\u00f3 de la policia, una jutgessa que ho autoritzava i davant el crit un\u00e0nime de les persones reunides al plat\u00f3 \u201ca\u00e7\u00f2 \u00e9s un colp d\u2019estat\u201d, Canal 9, buc ins\u00edgnia de la radiotelevisi\u00f3 p\u00fablica valenciana, desapareixia de les pantalles.<\/p>\n<p>Potser encara no s\u2019ha insistit prou que, si el Consell va decidir tancar RTVV, va ser per a incomplir la sent\u00e8ncia del Tribunal Superior de Just\u00edcia que declarava nul el primer ERO per vulnerar de manera greu els drets fonamentals dels treballadors. El que manava el TSJ, clar i ras, era que s\u2019hi quedaren els qui ells volien tirar al carrer \u2013\u00e9s a dir, aquells que havien acreditat compet\u00e8ncia professional i qualificaci\u00f3 per al lloc de treball de manera p\u00fablica i amb lliure concurr\u00e8ncia per mitj\u00e0 d\u2019oposicions- i que foren despatxats majorit\u00e0riament tota la colla de familiars, amics, protegits i afiliats del PP amb els quals pretenien continuar perpetrant la infame radiotelevisi\u00f3 p\u00fablica que abocaven als aparells receptors. En un pa\u00eds on la just\u00edcia fes la seua feina sense pressions ni intromissions del poder, aquesta arg\u00facia hagu\u00e9s estat perseguida d\u2019ofici pel fiscal i impedida en la seua execuci\u00f3 pel TSJ. El president de la Generalitat, un tal Fabra que ning\u00fa no ha votat, animat per un director d\u2019un diari madrileny que es creia un W. R. Hearst a la madrilenya, va decidir no acatar la llei i carregar-se RTVV. Ac\u00ed no ha passat res que reclame la intervenci\u00f3 del TSJ. I al Moniato se li ha quedat cara d\u2019alfic\u00f2s en constatar que cap altra comunitat aut\u00f2noma ha prescindit del servei de r\u00e0dio i televisi\u00f3. Ell que es creia un pioner! <\/p>\n<p>Durant aquest any, s\u2019ha acordat un ERO d\u2019extinci\u00f3 que ha estat denunciat davant l\u2019Audi\u00e8ncia Nacional pel sindicat CGT i que espera ser jutjat quan resolga el Tribunal Constitucional el recurs que va interposar el PSOE contra la llei de tancament de RTVV. El TSJ valenci\u00e0 ja va desestimar, als recursos presentats per Comprom\u00eds, la suspensi\u00f3 cautelar quant al darrers nomenaments de consellers d\u2019administraci\u00f3 i de l\u2019\u00faltim director general. S\u2019hi calcula que el TC pot tardar de quatre a cinc anys a resoldre. Resulta profundament repugnant que el tribunal que \u00e9s capa\u00e7 de reunir-se apressadament per tractar d\u2019impedir que el catalans puguen votar en una consulta no referend\u00e0ria, ignore i menyspree el dret dels valencians a disposar de mitjans p\u00fablics en la pr\u00f2pia llengua, llengua oficial segons l\u2019Estatut d\u2019Autonomia. Sembla que els drets dels valencians, vistos des de tan altes inst\u00e0ncies, s\u00f3n un cagall\u00f3 que va per la s\u00e8quia. Sembla que, des de Madrid i el Partit Popular, all\u00f2 valenci\u00e0 nom\u00e9s \u00e9s el que diuen personatges tan miserables com l\u2019expresident Camps, el presumpte lladre i expresident Olivas \u2013presentat a Madrid nom\u00e9s com a president de Bancaixa i no de la Generalitat que tamb\u00e9 ho fou-, el presumpte lladre i beat de l\u2019Opus Juan Cotino, o encara, la destructora de ciutat, enaltidora de l\u2019analfabetisme i esguitada pel cas N\u00f3os, tot i que encoberta sota el vicealcalde Grau, la insuportable Rita Barber\u00e0. Aix\u00f2 sembla que pensen de nosaltres el PP i el TC; que som el que diuen aquests personatges podrits, els molts altres de la colla que ara no esmente i els seus entusiastes seguidors.<\/p>\n<p>Durant aquest any, han dimitit dos dels liquidadors, hem sabut que el director general Jos\u00e9 L\u00f3pez Jaraba s\u2019havia gastat m\u00e9s de cent mil euros en sopars i copes de cap de setmana en un parell d\u2019anys -precisament mentre es preparava el primer ERO i ell lamentava c\u00ednicament i porca que no hi havia diners i per aix\u00f2 calia tirar mil treballadors-, hem pogut comprovar que el judici de Vicente Sanz, ex secretari general de RTVV, autor dels presumptes abusos sexuals a tres periodistes de Canal 9, porta cam\u00ed de convertir-se en un proc\u00e9s etern a l\u2019estil Carlos Fabra; durant aquest any tamb\u00e9 hem dut davant els tribunals -jutjat de Paterna- els directius responsables del balafiament i el robatori de diners p\u00fablics a RTVV. Recordem que s\u00f3n  mil tres-cents milions d\u2019euros cremats i que devem tots els valencians, diners que no s\u2019usaren per a fer r\u00e0dio i televisi\u00f3 sin\u00f3 per a finan\u00e7ar operacions pol\u00edtiques, xarxes clientelars, productores amigues, butxaques pr\u00f2pies, etc. De tot aix\u00f2 hauran de respondre davant la just\u00edcia Lu\u00eds Motes i N\u00faria Romeral com a directors de R\u00e0dio 9, Lola Johnson i Lu\u00eds Redondo com a directors de TVV, i el mercenari Jos\u00e9 L\u00f3pez Jaraba com a director general.<\/p>\n<p>Despr\u00e9s de quasi vint anys de governs del Partit Popular al Pa\u00eds Valenci\u00e0, ha quedat clarament establert que estem governats per una banda de mafiosos, lladres de tota condici\u00f3 que no miren p\u00e8l a l\u2019hora d\u2019apoderar-se de recursos p\u00fablics. Un poder que afirmen com a actors secundaris, provincians, megal\u00f2mans i pat\u00e8tics, llepaculs d\u2019un poder central del qual sospiren una atenci\u00f3, un afalac, i, ara, una certa protecci\u00f3 a les seues moltes malifetes. Que la principal aspiraci\u00f3 dels pol\u00edtics de la dreta valenciana siga ser reconeguts a Madrid, triomfar a Madrid, d\u00f3na la mida del que els importa el seu pa\u00eds i la seua gent. No han badat boca mentre desapareixia la banca valenciana, m\u00e9s aviat se l\u2019han engolida ells, i les caixes d\u2019estalvis han sigut  buidades per les seues hosts. Ells s\u00f3n la pesta que ens ha dut a la desfeta. I en la seua gosadia, creguts i crescuts, s\u2019han carregat la RTVV que ara els vindria tan b\u00e9 per continuar intoxicant. <\/p>\n<p>\u00c9s incre\u00efble que els mateixos que ens l\u2019han robada i l\u2019han destru\u00efda ara vulguen fer-nos creure que la recuperaran quan passe la crisi que ells han provocat i de la que s\u2019han ben aprofitat. Ac\u00ed nom\u00e9s se su\u00efciden els desnonats, no els banquers, ni els constructors, ni el seu aparell pol\u00edtic. <\/p>\n<p>S\u2019acosta un temps nou en qu\u00e8 haurem de fer net. Ells perdran les institucions valencianes en uns pocs mesos. La tasca que se\u2019ns posa al davant \u00e9s immensa. \u00c9s l\u2019hora de deixar  ben clar que no ser\u00e0 prou traure\u2019ls del govern. Tots els seus abusos han de tenir les seues conseq\u00fc\u00e8ncies. No podem acceptar que una vegada fora del poder ja s\u2019ha acabat tot. S\u2019acaba el nostre malson, s\u00ed, per\u00f2, m\u00e9s enll\u00e0 de l\u2019escarni p\u00fablic per tot el mal que han fet, qui tinga responsabilitats penals i econ\u00f2miques haur\u00e0 d\u2019afrontar-ne les conseq\u00fc\u00e8ncies. No podem repetir la par\u00f2dia d\u2019aquella transici\u00f3 des del franquisme que ens ha dut en aquest fangar. S\u2019han de recuperar tots els diners que se li han robat al poble i els responsables hauran de fer front tamb\u00e9 amb el seu patrimoni. \u00c9s el que esperen tots els qui anhelen el canvi pol\u00edtic. No ser\u00e0 acceptable un altre frau lampedusi\u00e0 com el pacte d\u2019elits amb el PSOE que ens ha dut fins ac\u00ed.<\/p>\n<p>Nom\u00e9s aix\u00ed tindr\u00e0 sentit que recuperem una nova RTVV que treballe amb llibertat i plena autonomia del poder pol\u00edtic al servei de la democr\u00e0cia, al servei de la societat valenciana. Si voleu saber-ne m\u00e9s de com dur endavant una radiotelevisi\u00f3 aix\u00ed, un grup de professionals de la comunicaci\u00f3 i la recerca hem fet un llibre, RESET RTVV, en el qual en parlem extensament.<\/p>\n","protected":false},"excerpt":{"rendered":"<p>Ara fa un any, en una nit freda de novembre, despr&eacute;s que el PP havia aprovat una llei a <a href=\"https:\/\/blocs.mesvilaweb.cat\/Xambo\/?p=267507\"><br \/>Llegir m&eacute;s<\/a><\/p>\n","protected":false},"author":2,"featured_media":0,"comment_status":"closed","ping_status":"closed","sticky":false,"template":"","format":"standard","meta":[],"categories":[32,34],"tags":[],"_links":{"self":[{"href":"http:\/\/www.rafaxambo.net\/index.php?rest_route=\/wp\/v2\/posts\/449"}],"collection":[{"href":"http:\/\/www.rafaxambo.net\/index.php?rest_route=\/wp\/v2\/posts"}],"about":[{"href":"http:\/\/www.rafaxambo.net\/index.php?rest_route=\/wp\/v2\/types\/post"}],"author":[{"embeddable":true,"href":"http:\/\/www.rafaxambo.net\/index.php?rest_route=\/wp\/v2\/users\/2"}],"replies":[{"embeddable":true,"href":"http:\/\/www.rafaxambo.net\/index.php?rest_route=%2Fwp%2Fv2%2Fcomments&post=449"}],"version-history":[{"count":1,"href":"http:\/\/www.rafaxambo.net\/index.php?rest_route=\/wp\/v2\/posts\/449\/revisions"}],"predecessor-version":[{"id":450,"href":"http:\/\/www.rafaxambo.net\/index.php?rest_route=\/wp\/v2\/posts\/449\/revisions\/450"}],"wp:attachment":[{"href":"http:\/\/www.rafaxambo.net\/index.php?rest_route=%2Fwp%2Fv2%2Fmedia&parent=449"}],"wp:term":[{"taxonomy":"category","embeddable":true,"href":"http:\/\/www.rafaxambo.net\/index.php?rest_route=%2Fwp%2Fv2%2Fcategories&post=449"},{"taxonomy":"post_tag","embeddable":true,"href":"http:\/\/www.rafaxambo.net\/index.php?rest_route=%2Fwp%2Fv2%2Ftags&post=449"}],"curies":[{"name":"wp","href":"https:\/\/api.w.org\/{rel}","templated":true}]}}