{"id":451,"date":"2014-10-02T11:20:59","date_gmt":"2014-10-02T11:20:59","guid":{"rendered":"http:\/\/blocs.mesvilaweb.cat\/Xambo\/?p=267496"},"modified":"2014-10-02T14:55:55","modified_gmt":"2014-10-02T14:55:55","slug":"reset-rtvv-per-unes-poltiques-de-comunicaci-al-servei-de-la-societat","status":"publish","type":"post","link":"http:\/\/www.rafaxambo.net\/?p=451","title":{"rendered":"RESET RTVV: Per unes pol&iacute;tiques de comunicaci&oacute; al servei de la societat"},"content":{"rendered":"<div><img width=\"305\" height=\"230\" src=\"https:\/\/blocs.mesvilaweb.cat\/wp-content\/uploads\/sites\/1695\/2014\/10\/RESET_RTVV_-DIV-_CARP-305x230.jpg\" class=\"attachment-post-thumbnail size-post-thumbnail wp-post-image\" alt=\"\" \/><\/div><p><i><a href=\"https:\/\/blocs.mesvilaweb.cat\/wp-content\/uploads\/sites\/1695\/2014\/10\/RESET-RTVV-DIV-TAR1.jpg\"><img class=\"aligncenter size-medium wp-image-267501\" alt=\"RESET RTVV  TARJA\" src=\"https:\/\/blocs.mesvilaweb.cat\/wp-content\/uploads\/sites\/1695\/2014\/10\/RESET-RTVV-DIV-TAR1-300x142.jpg\" width=\"300\" height=\"142\" srcset=\"https:\/\/blocs.mesvilaweb.cat\/wp-content\/uploads\/sites\/1695\/2014\/10\/RESET-RTVV-DIV-TAR1-300x142.jpg 300w, https:\/\/blocs.mesvilaweb.cat\/wp-content\/uploads\/sites\/1695\/2014\/10\/RESET-RTVV-DIV-TAR1-1024x487.jpg 1024w, https:\/\/blocs.mesvilaweb.cat\/wp-content\/uploads\/sites\/1695\/2014\/10\/RESET-RTVV-DIV-TAR1-653x310.jpg 653w, https:\/\/blocs.mesvilaweb.cat\/wp-content\/uploads\/sites\/1695\/2014\/10\/RESET-RTVV-DIV-TAR1.jpg 1241w\" sizes=\"(max-width: 300px) 100vw, 300px\" \/><\/a>El <strong>9 d\u2019Octubre<\/strong> ja estar\u00e0 a les llibreries la proposta del Col\u00b7lectiu Ricard Blasco.<\/i><\/p>\n<p><i>Cinc investigadors i periodistes analitzen el sistema comunicatiu valenci\u00e0 i exposen un model de radiotelevisi\u00f3 p\u00fablica de qualitat en un nou context pol\u00edtic, econ\u00f2mic i sociocultural.<\/i><\/p>\n<p>El <strong>Col\u00b7lectiu<\/strong> est\u00e0 format pels investigadors i periodistes:<\/p>\n<p>Josep-Llu\u00eds G\u00f3mez Mompart, catedr\u00e0tic de Periodisme, Universitat de Val\u00e8ncia.\u00a0\u00a0Toni Moll\u00e0, ex treballador RTVV, soci\u00f2leg. M\u00f2nica Parre\u00f1o, doctora en Filosofia, especialista en comunicaci\u00f3. Manuel S. Jard\u00ed, ex treballador RTVV, periodista. Rafael Xamb\u00f3, professor titular de Sociologia, Universitat de Val\u00e8ncia.<\/p>\n<p>Un grup de professionals de la comunicaci\u00f3 i la recerca hem unit les nostres forces per a redactar aquest llibre. Un treball que cont\u00e9 una an\u00e0lisi reflexiva i tamb\u00e9 una proposta de futur. El sistema comunicatiu valenci\u00e0 de les darreres d\u00e8cades s\u2019ha caracteritzat pel control pol\u00edtic, la centralitzaci\u00f3 i la forta depend\u00e8ncia dels grups espanyols, la mancan\u00e7a de pluralitat informativa, el progressiu deteriorament de la professi\u00f3 period\u00edstica, i l\u2019escassa pres\u00e8ncia de la cultura i la llengua pr\u00f2pia. El Pa\u00eds Valenci\u00e0 t\u00e9, a hores d\u2019ara, una estructura informativa arcaica i provincial, amb xifres de lectura en el llindar del desenvolupament medi\u00e0tic, i sense cap diari, r\u00e0dio ni televisi\u00f3, ni p\u00fablica ni privada, de car\u00e0cter aut\u00f2cton. L\u2019objectiu m\u00e9s peremptori de les pol\u00edtiques de comunicaci\u00f3 ha de ser el refor\u00e7ament de l\u2019espai p\u00fablic. \u00c9s necessari un pacte civil i pol\u00edtic, m\u00e9s enll\u00e0 de les majories electorals, al voltant de la llengua, la cultura i les esferes p\u00fabliques de la comunicaci\u00f3 com ara el sistema escolar, les r\u00e0dios i les televisions. Defensem que la RTV p\u00fablica constitueix un baluard de defensa enfront dels grans oligopolis de la informaci\u00f3 i les desigualtats informatives que se\u2019n deriven, perqu\u00e8 atorga a la informaci\u00f3 un valor sociocultural, i perqu\u00e8 assegura la cohesi\u00f3 social i territorial per damunt de les ofertes tem\u00e0tiques i segmentades. Per aix\u00f2, entre moltes altres q\u00fcestions que el lector trobar\u00e0 en les p\u00e0gines d\u2019aquest llibre, proposem la creaci\u00f3 d\u2019una nova RTVV com a resultat d\u2019un pacte de m\u00ednims \u2013parlamentari i c\u00edvic- sobre el qual assentar pol\u00edtiques compartides per tot l\u2019espectre sociocultural. Proposem, doncs, un pacte fundacional concretat en tres aspectes: institucional, econ\u00f2mico-empresarial i sociocultural, que actue com a\u00a0 garantia que (la nova) RTVV no ser\u00e0 un televisi\u00f3 partidista ni governamental.<\/p>\n<p>Reivindiquem l\u2019obra i la mem\u00f2ria de <strong>Ricard Blasco<\/strong>, cineasta, poeta, erudit, bibli\u00f2fil i historiador, qui fou el primer i millor investigador de la comunicaci\u00f3 al Pa\u00eds Valenci\u00e0. La seua obra <i>La premsa del Pa\u00eds Valenci\u00e0 (1790-1983) <\/i>ha estat considerada un dels millors treballs escrits sobre protoperiodisme en qualsevol llengua en opini\u00f3 dels especialistes. Va treballar a CIFESA i va dirigir algunes pel\u00b7l\u00edcules originals de g\u00e8nere negre. Va escriure sobre el pensament valencianista, la poesia pol\u00edtica valenciana 1802-1938, el valencianisme cultural o el teatre al Pa\u00eds Valenci\u00e0 durant la guerra civil. Va fer aportacions rellevants a la hist\u00f2ria de la literatura i del teatre. \u00c9s autor de <i>Introducci\u00f3 a la hist\u00f2ria del cinema valenci\u00e0<\/i>. Va recopilar una enorme quantitat de filmacions perdudes amb imatges sobre el pa\u00eds que acab\u00e0 donant a la Filmoteca Valenciana. A ell devem, per exemple, la recuperaci\u00f3 de <i>El fava de Ramonet<\/i> (1933), primer film sonor en catal\u00e0 dirigit per Juan Andreu Moragas a Val\u00e8ncia. Va treballar a TVE i el seu paper fou fonamental en la s\u00e8rie documental Espa\u00f1a, siglo XX. Des de ben jove fou un decidit valencianista, esquerr\u00e0 i republic\u00e0. Als setze anys ja escrivia en la revista Nueva Cultura que impulsava Josep Renau. Va participar en el II Congr\u00e9s d\u2019Escriptors Antifeixistes celebrat a Val\u00e8ncia el 1937, el mateix any en qu\u00e8 va publicar el llibre de poemes <i>Elegia a un mort<\/i>, primer volum de la col\u00b7lecci\u00f3 L\u2019Espiga, amb pr\u00f2leg de Carles Salvador. El periodista i escriptor Francesc Viadel ha recordat que \u201calgunes de les seues afirmacions, m\u00e9s de vint anys despr\u00e9s, s\u00f3n d\u2019una vig\u00e8ncia espaordidora en un pa\u00eds que s\u2019ha abandonat al provincianisme m\u00e9s est\u00e8ril, per no dir als vicis del pensament reaccionari\u201d. Va morir a Madrid el 9 de febrer de 1994, on s\u2019havia hagut de quedar sense remei, com un \u201cexiliat\u201d. Un home, i una obra, com tants al nostre pa\u00eds, incomprensiblement oblidat.<\/p>\n","protected":false},"excerpt":{"rendered":"<div><img loading=\"lazy\" width=\"305\" height=\"230\" src=\"https:\/\/blocs.mesvilaweb.cat\/wp-content\/uploads\/sites\/1695\/2014\/10\/RESET_RTVV_-DIV-_CARP-305x230.jpg\" alt=\"\"><\/div>\n<p>El 9 d&rsquo;Octubre ja estar&agrave; a les llibreries la proposta del Col&middot;lectiu Ricard Blasco. Cinc investigadors i periodistes analitzen <a href=\"https:\/\/blocs.mesvilaweb.cat\/Xambo\/?p=267496\"><br \/>Llegir m&eacute;s<\/a><\/p>\n","protected":false},"author":2,"featured_media":0,"comment_status":"closed","ping_status":"closed","sticky":false,"template":"","format":"standard","meta":[],"categories":[31,35,36,34,37],"tags":[],"_links":{"self":[{"href":"http:\/\/www.rafaxambo.net\/index.php?rest_route=\/wp\/v2\/posts\/451"}],"collection":[{"href":"http:\/\/www.rafaxambo.net\/index.php?rest_route=\/wp\/v2\/posts"}],"about":[{"href":"http:\/\/www.rafaxambo.net\/index.php?rest_route=\/wp\/v2\/types\/post"}],"author":[{"embeddable":true,"href":"http:\/\/www.rafaxambo.net\/index.php?rest_route=\/wp\/v2\/users\/2"}],"replies":[{"embeddable":true,"href":"http:\/\/www.rafaxambo.net\/index.php?rest_route=%2Fwp%2Fv2%2Fcomments&post=451"}],"version-history":[{"count":1,"href":"http:\/\/www.rafaxambo.net\/index.php?rest_route=\/wp\/v2\/posts\/451\/revisions"}],"predecessor-version":[{"id":452,"href":"http:\/\/www.rafaxambo.net\/index.php?rest_route=\/wp\/v2\/posts\/451\/revisions\/452"}],"wp:attachment":[{"href":"http:\/\/www.rafaxambo.net\/index.php?rest_route=%2Fwp%2Fv2%2Fmedia&parent=451"}],"wp:term":[{"taxonomy":"category","embeddable":true,"href":"http:\/\/www.rafaxambo.net\/index.php?rest_route=%2Fwp%2Fv2%2Fcategories&post=451"},{"taxonomy":"post_tag","embeddable":true,"href":"http:\/\/www.rafaxambo.net\/index.php?rest_route=%2Fwp%2Fv2%2Ftags&post=451"}],"curies":[{"name":"wp","href":"https:\/\/api.w.org\/{rel}","templated":true}]}}