{"id":729,"date":"2019-05-15T11:43:13","date_gmt":"2019-05-15T11:43:13","guid":{"rendered":"http:\/\/blocs.mesvilaweb.cat\/Xambo\/?p=267554"},"modified":"2019-05-15T11:43:13","modified_gmt":"2019-05-15T11:43:13","slug":"un-dia-a-la-comissi-de-control-de-rtvv-a-les-cort-valencianes","status":"publish","type":"post","link":"http:\/\/www.rafaxambo.net\/?p=729","title":{"rendered":"Un dia a la Comissi&oacute; de Control de RTVV a les Cort Valencianes"},"content":{"rendered":"<p><strong>L&#8217;1 de juny de 2018 vaig haver d&#8217;acudir a l&#8217;esmentada comissi\u00f3 perqu\u00e8 el grup de Ciudadanos m&#8217;acusava d&#8217;incompatibilitat amb el c\u00e0rrec de conseller de la Corporaci\u00f3 Valenciana de Mitjans de Comunicaci\u00f3 per les greus i continuades declaracions contra els estaments p\u00fablics, grups pol\u00edtics i sector period\u00edstic. <\/strong><\/p>\n<p>La cosa hagu\u00e9s semblat divertida per l&#8217;exageraci\u00f3 -m&#8217;equiparaven a l&#8217;enemic p\u00fablic N. 1- per\u00f2 no feia gr\u00e0cia perqu\u00e8 aquesta gent, ja els coneixeu anaven molt seriosament a per mi.<br \/>\nEn la compareixen\u00e7a, vaig comen\u00e7ar expressant la meua solidaritat amb els periodistes de RTVE que en aquell moment realitzaven les protestes dels &#8220;divendres negres&#8221; contra la manipulaci\u00f3 en el mitj\u00e0 p\u00fablic. Despr\u00e9s d&#8217;expressar la meua sorpresa pel fet que els sol\u00b7licitants de la compareixen\u00e7a no esmentaren cap de les suposades greus i continuades declaracions que m&#8217;hi atribu\u00efen, vaig fer una defensa del periodisme de qualitat i de les bones pr\u00e0ctiques en l&#8217;exercici professional tot fent al\u00b7lusi\u00f3 a periodistes exemplars tant valencians i catalans com d&#8217;arreu del m\u00f3n. Hi vaig reivindicar la llibertat d&#8217;expressi\u00f3, garantia d&#8217;una democr\u00e0cia plena i una opini\u00f3 p\u00fablica cr\u00edtica. De les intervencions dels diferents grups parlamentaris, no se&#8217;n va derivar cap proposta de resoluci\u00f3 amb la qual cosa l&#8217;assumpte va quedar tancat.<br \/>\nPer si en teniu temps i ganes, vos deixe l&#8217;enlla\u00e7 al v\u00eddeo d&#8217;aquella delirant compareixen\u00e7a. Amb la dist\u00e0ncia dels fets i que el diputat que em buscava la incompatibilitat ara ha deixat de ser-ho, la cosa es fa m\u00e9s entretinguda.<br \/>\nEn qualsevol cas, no dubteu que amb Toni Cant\u00f3 de cap de colla ens esperen dies entretinguts.<br \/>\nAc\u00ed teniu l&#8217;enlla\u00e7:<br \/>\n<a href=\"https:\/\/mediateca.cortsvalencianes.es\/library\/items\/reunio-2018-06-01?part=1feeeca4-b8e9-4c0d-abcd-216e3f4b6f39&amp;start=3\">https:\/\/mediateca.cortsvalencianes.es\/library\/items\/reunio-2018-06-01?part=1feeeca4-b8e9-4c0d-abcd-216e3f4b6f39&amp;start=3<\/a><\/p>\n<p>&nbsp;<\/p>\n","protected":false},"excerpt":{"rendered":"<p>L&rsquo;1 de juny de 2018 vaig haver d&rsquo;acudir a l&rsquo;esmentada comissi&oacute; perqu&egrave; el grup de Ciudadanos m&rsquo;acusava d&rsquo;incompatibilitat amb <a href=\"https:\/\/blocs.mesvilaweb.cat\/Xambo\/?p=267554\"><br \/>Llegir m&eacute;s<\/a><\/p>\n","protected":false},"author":2,"featured_media":0,"comment_status":"closed","ping_status":"closed","sticky":false,"template":"","format":"standard","meta":[],"categories":[31],"tags":[],"_links":{"self":[{"href":"http:\/\/www.rafaxambo.net\/index.php?rest_route=\/wp\/v2\/posts\/729"}],"collection":[{"href":"http:\/\/www.rafaxambo.net\/index.php?rest_route=\/wp\/v2\/posts"}],"about":[{"href":"http:\/\/www.rafaxambo.net\/index.php?rest_route=\/wp\/v2\/types\/post"}],"author":[{"embeddable":true,"href":"http:\/\/www.rafaxambo.net\/index.php?rest_route=\/wp\/v2\/users\/2"}],"replies":[{"embeddable":true,"href":"http:\/\/www.rafaxambo.net\/index.php?rest_route=%2Fwp%2Fv2%2Fcomments&post=729"}],"version-history":[{"count":1,"href":"http:\/\/www.rafaxambo.net\/index.php?rest_route=\/wp\/v2\/posts\/729\/revisions"}],"predecessor-version":[{"id":731,"href":"http:\/\/www.rafaxambo.net\/index.php?rest_route=\/wp\/v2\/posts\/729\/revisions\/731"}],"wp:attachment":[{"href":"http:\/\/www.rafaxambo.net\/index.php?rest_route=%2Fwp%2Fv2%2Fmedia&parent=729"}],"wp:term":[{"taxonomy":"category","embeddable":true,"href":"http:\/\/www.rafaxambo.net\/index.php?rest_route=%2Fwp%2Fv2%2Fcategories&post=729"},{"taxonomy":"post_tag","embeddable":true,"href":"http:\/\/www.rafaxambo.net\/index.php?rest_route=%2Fwp%2Fv2%2Ftags&post=729"}],"curies":[{"name":"wp","href":"https:\/\/api.w.org\/{rel}","templated":true}]}}