{"id":737,"date":"2020-10-24T09:52:55","date_gmt":"2020-10-24T09:52:55","guid":{"rendered":"http:\/\/blocs.mesvilaweb.cat\/Xambo\/?p=267583"},"modified":"2020-10-24T09:54:54","modified_gmt":"2020-10-24T09:54:54","slug":"el-tractament-informatiu-del-ju-als-presos-poltics-catalans-en-punt-mdia","status":"publish","type":"post","link":"http:\/\/www.rafaxambo.net\/?p=737","title":{"rendered":"El tractament informatiu del ju&iacute; als presos pol&iacute;tics catalans en &Agrave; Punt M&egrave;dia."},"content":{"rendered":"<p><strong>Ara, quan s\u2019ha absolt el Major Trapero i la c\u00fapula dels Mossos a l\u2019Audi\u00e8ncia Nacional, sembla clar el muntatge policial-judicial que va significar el judici en que es va condemnar els presidents d\u2019\u00d2mnium Cultural i l\u2019ANC, una part del Govern de la Generalitat i la presidenta del Parlament de Catalunya. Tanmateix, el tractament informatiu en \u00c0 Punt va mantenir un perfil clarament esbiaixat en favor dels interessos del Gobierno del PP.<\/strong><\/p>\n<p>Quan a l\u2019estiu de l\u2019any passat vaig demanar p\u00fablicament la <a href=\"https:\/\/www.levante-emv.com\/comunitat-valenciana\/2019\/07\/31\/consejero-punt-designado-compromis-pide-14015622.html\">dimissi\u00f3 de la directora general<\/a>, em vaig referir de manera gen\u00e8rica, per economia de llenguatge, a les defici\u00e8ncies en l\u2019\u00e0mbit dels informatius, tot i que en el meu escrit al Consell Rector de la CVMC comen\u00e7ava dient: \u201cAl Contracte Programa s\u2019explicitava el \u201ccomprom\u00eds de lideratge informatiu que se sustenta en el fet de ser referent en els principis b\u00e0sics de credibilitat, rigor, veracitat, imparcialitat, neutralitat i independ\u00e8ncia\u201d. Podem constatar despr\u00e9s del temps transcorregut que no nom\u00e9s no hem aconseguit ser referent sin\u00f3 que s\u2019han donat diversos episodis en qu\u00e8 han fallat els principis b\u00e0sics que es reclamaven. No som ni tal sols un actor a tenir en compte en l\u2019espai comunicatiu valenci\u00e0.<br \/>\nEl fet de no poder explicar p\u00fablicament totes les males pr\u00e0ctiques que denunciava internament, la peculiar manera de procedir dels mitjans de comunicaci\u00f3 dominants al Pa\u00eds Valenci\u00e0 \u2013nom\u00e9s Vilaweb va reproduir \u00edntegrament la <a href=\"https:\/\/www.vilaweb.cat\/noticies\/consell-rector-cvmc-comptes-a-punt-2018\/\">nota de premsa<\/a>&#8211; i l\u2019estrat\u00e8gia de desqualificaci\u00f3 personal que van practicar i practiquen alguns actors destacats de la pol\u00edtica valenciana, m\u00e9s penosa com m\u00e9s pr\u00f2xims se\u2019ls suposava, ha contribu\u00eft a donar una imatge de mi que podr\u00edem resumir en ep\u00edtets com extremista, eixelebrat, exagerat, radical, impacient, col\u00e8ric, histri\u00f2nic i perles d\u2019aquest estil provinents del foc amic. Sembla que no queda res d\u2019aquell professor de sociologia, investigador de la comunicaci\u00f3, pioner en la recerca del sistema comunicatiu valenci\u00e0. Ning\u00fa no em va contestar amb arguments a les meues queixes sobre el funcionament de la plataforma medi\u00e0tica p\u00fablica, nom\u00e9s amb desqualificacions. De vegades, sorpr\u00e8n i fa pena que, fins i tot persones que consideraves amigues, hagen assumit aquest argumentari t\u00f2xic. Passats m\u00e9s de nou mesos de la meua destituci\u00f3 com a membre del Consell Rector per decisi\u00f3 del grup parlamentari de Comprom\u00eds, potser ja va sent hora que explique algunes q\u00fcestions rellevants que podrien fer pensar a alguns dels qui han acceptat acr\u00edticament aquest estat de coses. Aix\u00ed ho vaig fer darrerament en l\u2019entrevista que vaig concedir a <a href=\"https:\/\/www.nosaltreslaveu.com\/entrevista\/33288\/mitjans-comunicacio-valentia-compromis-no-hi-ha-res\">Nosaltres la Veu<\/a>.<br \/>\nL\u2019altre dia, quan est\u00e0vem tractant en la classe de Sociologia de la Comunicaci\u00f3 els estudis sobre les not\u00edcies, el newsmaking i l\u2019an\u00e0lisi de contingut, a l\u2019hora dels exemples pr\u00e0ctics els hi vaig mostrar el treball d\u2019an\u00e0lisi que vaig fer sobre el ju\u00ed del proc\u00e9s en \u00c0 Punt. Les estudiants se\u2019n feien creus. No podien entendre com aix\u00f2 s\u2019havia consentit, com ning\u00fa se n\u2019havia queixat. Reflexion\u00e0vem sobre els poderosos determinants socioecon\u00f2mics i pol\u00edtics que pesen sobre la realitat valenciana. Vaig haver-los de dir que s\u00ed, que me n\u2019havia queixat i molt i que no m\u2019havien fet cas. Aix\u00f2 s\u00ed, em donaven la ra\u00f3 al Consell Rector i no hi havia m\u00e9s conseq\u00fc\u00e8ncies.<br \/>\nL\u2019an\u00e0lisi exhaustiva de les not\u00edcies que mostre i que em vaig prendre el temps i la feina necess\u00e0ria per a analitzar \u00e9s el mateix que vaig presentar al Consell Rector. Hi inclou totes les not\u00edcies publicades entre el 27 de febrer i el 26 de mar\u00e7 de 2019. Tot un mes. Una mostra suficient per a establir la l\u00ednia editorial del mitj\u00e0, els valors not\u00edcia, els criteris de noticiabilitat i les estrat\u00e8gies informatives. I, molt important, tots els silencis. Si f\u00e9rem una an\u00e0lisi comparativa per a cada dia amb el que deia Vilaweb, posem per cas, encara s&#8217;hi veuria m\u00e9s clar tot el que es va silenciar o tergiversar.<br \/>\nTot seguit indique els titulars corresponents, la data de publicaci\u00f3 i l\u2019hora d\u2019inclusi\u00f3 al web perqu\u00e8 qualsevol ho puga comprovar si vol. He llegit i estudiat tot el cos de la not\u00edcia en cada cas i he visionat el v\u00eddeo si n\u2019hi acompanyava. Per aix\u00f2 puc afirmar que <strong>la quasi totalitat de les not\u00edcies nom\u00e9s inclouen el relat de la fiscalia, l\u2019advocacia de l\u2019Estat i l\u2019acusaci\u00f3 particular que ostentava Vox.<\/strong><\/p>\n<p>Tot seguit la relaci\u00f3 de titulars:<\/p>\n<p>&#8211; El tinent que va investigar l&#8217;1-O afirma que el refer\u00e8ndum era la pedra angular del proc\u00e9s<br \/>\n\u00daltimes not\u00edcies | 26\/03\/2019 13:45<br \/>\n&#8211; El tinent de la Gu\u00e0rdia Civil el 20S: &#8220;Si hagu\u00e9rem eixit, ens haurien destrossat\u201d<br \/>\nNot\u00edcies Pol\u00edtica | 25\/03\/2019 13:35<br \/>\n&#8211; V\u00cdDEO | Un agent afirma que tota l&#8217;estructura de la Generalitat catalana estava al servei del \u2018proc\u00e9s\u2019<br \/>\nNot\u00edcies Pol\u00edtica | 20\/03\/2019 21:12<br \/>\n&#8211; V\u00cdDEO | Mart\u00ednez Rico admet que la Generalitat de Catalunya podria haver burlat els controls d&#8217;Hisenda<br \/>\nNot\u00edcies Pol\u00edtica | 19\/03\/2019 11:52<br \/>\n&#8211; Comencen a declarar els agents de la Gu\u00e0rdia Civil que van participar en els escorcolls del 20-S<br \/>\nNot\u00edcies Pol\u00edtica | 19\/03\/2019 06:30<br \/>\n&#8211; V\u00cdDEO | Trapero acusa d\u2019irresponsable Joaquim Forn per manifestar que els Mossos garantirien el refer\u00e8ndum<br \/>\nNot\u00edcies Pol\u00edtica | 14\/03\/2019 22:05<br \/>\n&#8211; Trapero def\u00e9n la seua gesti\u00f3 en les protestes davant de la Conselleria d&#8217;Economia el 20S<br \/>\nNot\u00edcies Pol\u00edtica | 14\/03\/2019 12:55<br \/>\nA les preguntes de l&#8217;advocat Javier Ortega Smith,<br \/>\nComentari: \u00e9s l\u2019\u00fanica vegada que he trobat que es fa refer\u00e8ncia a un advocat, sense dir que \u00e9s el de l\u2019acusaci\u00f3 representada per Vox. En cap altre moment, en cap not\u00edcia, s\u2019esmenta cap nom dels advocats de la defensa.<br \/>\n&#8211; Trapero compareix en el Suprem com a testimoni en el ju\u00ed del \u2018proc\u00e9s\u2019<br \/>\nNot\u00edcies Pol\u00edtica | 14\/03\/2019 06:30<br \/>\n&#8211; El cap de Planificaci\u00f3 dels Mossos afirma que Puigdemont va rebutjar la petici\u00f3 de desconvocar l\u20191-O<br \/>\nNot\u00edcies Pol\u00edtica | 11\/03\/2019 14:20<br \/>\n&#8211; El cap de la Policia Nacional l&#8217;1-O sost\u00e9 que van haver de substituir els Mossos davant la seua inacci\u00f3<br \/>\nNot\u00edcies Pol\u00edtica | 07\/03\/2019 14:05<br \/>\n\u201cEl cap de la Policia Nacional a Catalunya el dia del refer\u00e8ndum ha denunciat la viol\u00e8ncia d&#8217;alguns concentrats, que van formar &#8220;cadenes humanes&#8221; i van agredir agents per a impedir la seua entrada als punts de votaci\u00f3. A m\u00e9s, diu que encara eren m\u00e9s agressius a la seua eixida perqu\u00e8 estaven &#8220;cabrejats i enrabiats&#8221;. Davant aquesta reacci\u00f3 violenta dels concentrats, les unitats policials van haver de fer-hi front &#8220;d&#8217;una manera no contundent, per\u00f2 s\u00ed m\u00e9s forta que en l&#8217;entrada, per a poder-se replegar&#8221;, ja que no podien &#8220;consentir&#8221; que els envoltaren, els bloquejaren i no els deixaren eixir.<\/p>\n<p>Segons Trapote, malgrat que en alguns col\u00b7legis hi havia tamb\u00e9 xiquets i ancians, els concentrats eren principalment individus amb una &#8220;alta virul\u00e8ncia, perfectament organitzats&#8221; per a intentar boicotejar que la Policia complira l&#8217;orde judicial d&#8217;impedir el refer\u00e8ndum. \u201c<\/p>\n<p><strong>Aix\u00f2 que va declarar el cap de la PN es dona per bo en no incloure cap informaci\u00f3 de contrast ni informar de la negativa sistem\u00e1tica del tribunal a qu\u00e8 es puguessen visionar els v\u00eddeos que posaven en q\u00fcesti\u00f3 aquest relat de violencia.<\/strong><\/p>\n<p>&#8211; La fiscalia investiga la difusi\u00f3 de dades de la secret\u00e0ria del jutjat 13 de Barcelona<br \/>\nNot\u00edcies Pol\u00edtica | 07\/03\/2019 13:15<br \/>\n&#8211; La secret\u00e0ria judicial del 20S diu que va tindre \u201cpor\u201d i va demanar un helic\u00f2pter per a eixir<br \/>\nNot\u00edcies Pol\u00edtica | 06\/03\/2019 18:10<br \/>\n&#8211; De los Cobos afirma que l&#8217;1-O no va ser un refer\u00e8ndum, per\u00f2 &#8220;s\u00ed que es va poder votar&#8221;<br \/>\nNot\u00edcies Pol\u00edtica | 06\/03\/2019 14:25<br \/>\n&#8211; De los Cobos acusa els Mossos de facilitar l&#8217;1-O en lloc d&#8217;impedir-ho<br \/>\nNot\u00edcies Pol\u00edtica | 05\/03\/2019 20:44<br \/>\n&#8211; El coordinador de l&#8217;operatiu policial ha volgut deixar clar que l&#8217;1-O &#8220;no hi va haver cap intervenci\u00f3 contra votants&#8221;, nom\u00e9s contra les persones que impedien l&#8217;acc\u00e9s als col\u00b7legis. A m\u00e9s, ha insistit que es va fer un &#8220;\u00fas exquisit&#8221; de la for\u00e7a.<br \/>\n&#8211; Millo acusa Puigdemont d&#8217;encoratjar &#8220;muralles&#8221; de persones violentes l&#8217;1-O<br \/>\nNot\u00edcies Pol\u00edtica | 05\/03\/2019 13:25<br \/>\n&#8211; Roger Torrent: &#8220;Tinguen present que tornarem a votar&#8221;<br \/>\nNot\u00edcies Pol\u00edtica | 04\/03\/2019 18:51<br \/>\n&#8211; L&#8217;exn\u00famero dos de Zoido nega que es produ\u00efren \u201cc\u00e0rregues policials\u201d l&#8217;1-O i def\u00e9n que s&#8217;empr\u00e0 la for\u00e7a &#8220;adequada&#8221;<br \/>\nNot\u00edcies Pol\u00edtica | 04\/03\/2019 18:00<br \/>\n&#8211; Zoido defensa que les forces de seguretat actuaren de manera &#8220;proporcionada&#8221; durant l&#8217;1-O<br \/>\nNot\u00edcies Pol\u00edtica | 28\/02\/2019 18:48<br \/>\n&#8211; Urkullu va pactar amb Puigdemont perqu\u00e8 convocara eleccions i no activara la DUI<br \/>\nNot\u00edcies Pol\u00edtica | 28\/02\/2019 13:40<br \/>\n&#8211; V\u00cdDEO | Tensi\u00f3 en el ju\u00ed pel &#8216;proc\u00e9s&#8217;: dos testimonis es neguen a contestar a Vox<br \/>\nNot\u00edcies Pol\u00edtica | 27\/02\/2019 21:00<br \/>\n&#8211; V\u00cdDEO | Rajoy: \u201cVaig deixar clar als independentistes que mentre jo fora president mai s\u2019hi celebraria un refer\u00e8ndum\u201d<br \/>\nNot\u00edcies Pol\u00edtica | 27\/02\/2019 20:53<\/p>\n<p>Despr\u00e9s d\u2019aquesta mostra quant al tractament informatiu que considere maldestre i esbiaixat, cal afegir que no s\u2019ha trovat ni una sola pe\u00e7a en la qual es mostraren les preguntes dels advocats de la defensa, les contradiccions dels declarants, etc\u00e9tera. Sembla com que \u00c0 Punt es limitava a comprar les peces informatives que facilitava EFE i ignoraven tota la resta. Tan f\u00e0cil com hagu\u00e9s sigut demanar bruts a TV3 o a EiTB. A l\u2019informatiu de la nit, repetien, fil per randa, el que ja havien dit al del migdia.<br \/>\nL\u2019\u00fanica conseq\u00fc\u00e8ncia de la meua queixa formal i per escrit va ser la pr\u00e0ctica desaparici\u00f3 de la informaci\u00f3 quant al ju\u00ed contra els presos pol\u00edtics catalans en els dies posteriors.<br \/>\nAnime als investigadors a qu\u00e8 facen recerca sobre el tractament informatiu perqu\u00e8 -digueu-me ingenu i agosarat- pot ser una manera d\u2019aconseguir millores en la qualitat de la informaci\u00f3.<br \/>\nTinc m\u00e9s casos analitzats que mostrar\u00e9 en propers lliuraments.<br \/>\nPotser haurem de tornar a cridar: volem RTVV p\u00fablica, en valenci\u00e0 i de qualitat.<\/p>\n","protected":false},"excerpt":{"rendered":"<p>Ara, quan s&rsquo;ha absolt el Major Trapero i la c&uacute;pula dels Mossos a l&rsquo;Audi&egrave;ncia Nacional, sembla clar el muntatge <a href=\"https:\/\/blocs.mesvilaweb.cat\/Xambo\/?p=267583\"><br \/>Llegir m&eacute;s<\/a><\/p>\n","protected":false},"author":2,"featured_media":0,"comment_status":"closed","ping_status":"closed","sticky":false,"template":"","format":"standard","meta":[],"categories":[42,31,32,34],"tags":[],"_links":{"self":[{"href":"http:\/\/www.rafaxambo.net\/index.php?rest_route=\/wp\/v2\/posts\/737"}],"collection":[{"href":"http:\/\/www.rafaxambo.net\/index.php?rest_route=\/wp\/v2\/posts"}],"about":[{"href":"http:\/\/www.rafaxambo.net\/index.php?rest_route=\/wp\/v2\/types\/post"}],"author":[{"embeddable":true,"href":"http:\/\/www.rafaxambo.net\/index.php?rest_route=\/wp\/v2\/users\/2"}],"replies":[{"embeddable":true,"href":"http:\/\/www.rafaxambo.net\/index.php?rest_route=%2Fwp%2Fv2%2Fcomments&post=737"}],"version-history":[{"count":1,"href":"http:\/\/www.rafaxambo.net\/index.php?rest_route=\/wp\/v2\/posts\/737\/revisions"}],"predecessor-version":[{"id":738,"href":"http:\/\/www.rafaxambo.net\/index.php?rest_route=\/wp\/v2\/posts\/737\/revisions\/738"}],"wp:attachment":[{"href":"http:\/\/www.rafaxambo.net\/index.php?rest_route=%2Fwp%2Fv2%2Fmedia&parent=737"}],"wp:term":[{"taxonomy":"category","embeddable":true,"href":"http:\/\/www.rafaxambo.net\/index.php?rest_route=%2Fwp%2Fv2%2Fcategories&post=737"},{"taxonomy":"post_tag","embeddable":true,"href":"http:\/\/www.rafaxambo.net\/index.php?rest_route=%2Fwp%2Fv2%2Ftags&post=737"}],"curies":[{"name":"wp","href":"https:\/\/api.w.org\/{rel}","templated":true}]}}