{"id":824,"date":"2021-01-23T19:15:00","date_gmt":"2021-01-23T19:15:00","guid":{"rendered":"http:\/\/www.rafaxambo.net\/?p=824"},"modified":"2022-09-05T19:34:22","modified_gmt":"2022-09-05T19:34:22","slug":"la-dansa-dun-temps-nou","status":"publish","type":"post","link":"http:\/\/www.rafaxambo.net\/?p=824","title":{"rendered":"La dansa d\u2019un temps nou"},"content":{"rendered":"\n<p><strong>En temps de pand\u00e8mia moral, cal mantenir l\u2019esperan\u00e7a que es va obrir en el passat per encarar-nos a l\u2019abisme del present. Nom\u00e9s trobarem un bri de redempci\u00f3 en l\u2019estima, l\u2019empatia i la bellesa de l\u2019art.<\/strong><\/p>\n\n\n\n<p><br>Ja ha fet un any que vaig cessar com a membre del Consell Rector de la Corporaci\u00f3 Valenciana de Mitjans de Comunicaci\u00f3. Per raons \u00e8tiques, vaig deixar en suspens la meua activitat art\u00edstica durant tot el temps que vaig ocupar el c\u00e0rrec. No em sembla decent ostentar un c\u00e0rrec p\u00fablic en l\u2019\u00e0mbit de la comunicaci\u00f3 i alhora tenir una activitat privada com a artista que tant necessita del suport dels mitjans de comunicaci\u00f3 i les entitats p\u00fabliques \u2013cases de cultura, ajuntaments, etc\u00e8tera.<\/p>\n\n\n\n<p><br>Va ser deixar-ho i venir-me unes ganes enormes de tornar a escriure, de fer can\u00e7ons, de tocar la guitarra. La pol\u00edtica institucional, la gesti\u00f3 corporativa, mata la creativitat, rosega l\u2019esperit. Primer, vaig projectar un disc de versions amb homenatges a Raimon, Ovidi Montllor, Woody Guthrie, Pete Seeger, els Beatles\u2026 Per\u00f2 a mesura que anava recuperant l\u2019ofici de m\u00fasic, de cantant, tornava la inspiraci\u00f3 per a fer can\u00e7ons, la qual, com sabem, consisteix, entre altres coses, a fer moltes hores amb l\u2019instrument, a buscar en el silenci on rauen totes les can\u00e7ons encara no fetes. I tamb\u00e9 a llegir molta poesia. D\u2019aquestes lectures, al disc n\u2019he incl\u00f2s poemes de Maria-Merc\u00e8 Mar\u00e7al, Anna Montero, Manel Mar\u00ed i Txema Mart\u00ednez. A mesura que anava fent can\u00e7ons noves, anava replantejant el projecte.<\/p>\n\n\n\n<p><br>A l\u2019estiu de l\u2019any passat, en plena pand\u00e8mia, vaig decidir que el millor que podia fer era enregistrar el disc. Em va animar molt que un jove m\u00fasic, Joan Palomares, una volta escoltades les maquetes, em digu\u00e9s que tenia un molt bon disc si m\u2019animava a fer-lo. I li vaig fer cas. Algunes altres persones amigues del club del garrof\u00f3 i l\u2019horabaixa (elles ja m\u2019entendran), a les quals havia enviat alguna can\u00e7\u00f3 en maqueta, tamb\u00e9 n\u2019havien tingut una impressi\u00f3 favorable.<\/p>\n\n\n\n<p><br>Aix\u00ed que, en ple mes d\u2019agost, vaig posar a treballar els m\u00fasics \u00c0lvar Carpi i Salva V\u00e1zquez, i al meu fill Miquel Xamb\u00f3, cadascun a sa casa amb les seues eines d\u2019enregistrament digital \u2013la pand\u00e8mia no permetia el treball d\u2019estudi convencional-, vaig reservar uns dies d\u2019estudi de so, vaig revisar pistes i m\u00e9s pistes de guitarres, pianos, teclats\u2026 A l\u2019estudi pos\u00e0rem les bateries (Ben Wirjo) i el baix el\u00e8ctric (Chris Attwell). I a finals d\u2019agost, estava cantant tots els temes i treballant amb Facundo Novo les mescles. Palomares es va enrotllar i va fer m\u00fasica electr\u00f2nica per a enriquir la instrumentaci\u00f3 d\u2019algunes can\u00e7ons.<br>A setembre vam tenir la primera barreja. Hi pos\u00e0rem totes les orelles dels m\u00fasics, vam fer una guia de revisi\u00f3 i a l\u2019octubre vam tenir la barreja definitiva i la masteritzaci\u00f3.<\/p>\n\n\n\n<p><br>El disseny gr\u00e0fic l\u2019ha fet C\u00e8sar Amiguet. De formaci\u00f3 multidisciplinar, C\u00e8sar \u00e9s dissenyador gr\u00e0fic des de 1999, i el seu treball est\u00e0 sovint relacionat amb la cultura de base, reivindicativa i d\u2019arrel popular. Ha treballat el disseny a partir de les fotografies del m\u00f2bil de Rafa Xamb\u00f3, i de la relaci\u00f3 interior\/exterior tan present en aquests temps d\u2019incertesa i d\u2019esperan\u00e7a.<\/p>\n\n\n\n<p><br>El resultat el podreu sentir aquesta primavera. I si participeu al Verkami que hem llan\u00e7at, no nom\u00e9s en sereu dels primers, sin\u00f3 que haureu contribu\u00eft a fer possible un nou producte cultural en catal\u00e0, la qual cosa t\u00e9 el seu m\u00e8rit en aquest temps horror\u00f3s de pand\u00e8mia moral i de crisi de crisis.<br>Amb aquest disc, la productora del sector audiovisual Stanbrook Produccions que t\u00e9 ara en exhibici\u00f3 l\u2019excel\u2022lent pel\u2022l\u00edcula Un cercle en l\u2019aigua, enceta la seua l\u00ednia de produccions musicals.<br>Feu una ullada al projecte encara que no pugueu comprar res. Hi ha textos interessants, fotos i curr\u00edculum de tots els artistes participants i m\u00e9s detalls. Guardeu-vos l\u2019enlla\u00e7 perqu\u00e8 continuarem afegint materials (v\u00eddeos i \u00e0udios properament).<\/p>\n\n\n\n<p><br>Tot esperant que passe aquest tr\u00e0ngol terrible, us desitge molta salut i que ens puguem trobar als escenaris. Tocant-me damunt estic.<\/p>\n\n\n\n<p><br>Rafa Xamb\u00f3<\/p>\n\n\n\n<figure class=\"wp-container-2 wp-block-gallery-1 wp-block-gallery has-nested-images columns-default is-cropped\">\n<figure class=\"wp-block-image size-large\"><img loading=\"lazy\" width=\"300\" height=\"163\" data-id=\"829\"  src=\"http:\/\/www.rafaxambo.net\/wp-content\/uploads\/2022\/09\/AlvarGravantaCasa-300x163-1.jpg\" alt=\"\" class=\"wp-image-829\"\/><\/figure>\n\n\n\n<figure class=\"wp-block-image size-large\"><img loading=\"lazy\" width=\"300\" height=\"163\" data-id=\"830\"  src=\"http:\/\/www.rafaxambo.net\/wp-content\/uploads\/2022\/09\/BenWirjo7-300x163-1.jpg\" alt=\"\" class=\"wp-image-830\"\/><\/figure>\n\n\n\n<figure class=\"wp-block-image size-large\"><img loading=\"lazy\" width=\"300\" height=\"169\" data-id=\"831\"  src=\"http:\/\/www.rafaxambo.net\/wp-content\/uploads\/2022\/09\/DissenyCesar-300x169-1.jpg\" alt=\"\" class=\"wp-image-831\"\/><\/figure>\n\n\n\n<figure class=\"wp-block-image size-large\"><img loading=\"lazy\" width=\"300\" height=\"163\" data-id=\"828\"  src=\"http:\/\/www.rafaxambo.net\/wp-content\/uploads\/2022\/09\/FacuNovo-300x163-1.jpg\" alt=\"\" class=\"wp-image-828\"\/><\/figure>\n\n\n\n<figure class=\"wp-block-image size-large\"><img loading=\"lazy\" width=\"300\" height=\"163\" data-id=\"827\"  src=\"http:\/\/www.rafaxambo.net\/wp-content\/uploads\/2022\/09\/MiquelGravant-300x163-1.jpg\" alt=\"\" class=\"wp-image-827\"\/><\/figure>\n\n\n\n<figure class=\"wp-block-image size-large\"><img loading=\"lazy\" width=\"300\" height=\"163\" data-id=\"826\"  src=\"http:\/\/www.rafaxambo.net\/wp-content\/uploads\/2022\/09\/PalomaresChrisEstudi-300x163-1.jpg\" alt=\"\" class=\"wp-image-826\"\/><\/figure>\n\n\n\n<figure class=\"wp-block-image size-large\"><img loading=\"lazy\" width=\"300\" height=\"163\" data-id=\"832\"  src=\"http:\/\/www.rafaxambo.net\/wp-content\/uploads\/2022\/09\/SalvaGravantaCasa-300x163-1.jpg\" alt=\"\" class=\"wp-image-832\"\/><\/figure>\n<\/figure>\n\n\n\n<p><\/p>\n","protected":false},"excerpt":{"rendered":"<p>En temps de pand\u00e8mia moral, cal mantenir l\u2019esperan\u00e7a que es va obrir en el passat per encarar-nos a l\u2019abisme del present. Nom\u00e9s trobarem un bri de redempci\u00f3 en l\u2019estima, l\u2019empatia i la bellesa de l\u2019art. Ja ha fet un any que vaig cessar com a&#8230;<\/p>\n","protected":false},"author":2,"featured_media":825,"comment_status":"open","ping_status":"open","sticky":false,"template":"","format":"standard","meta":[],"categories":[44],"tags":[],"_links":{"self":[{"href":"http:\/\/www.rafaxambo.net\/index.php?rest_route=\/wp\/v2\/posts\/824"}],"collection":[{"href":"http:\/\/www.rafaxambo.net\/index.php?rest_route=\/wp\/v2\/posts"}],"about":[{"href":"http:\/\/www.rafaxambo.net\/index.php?rest_route=\/wp\/v2\/types\/post"}],"author":[{"embeddable":true,"href":"http:\/\/www.rafaxambo.net\/index.php?rest_route=\/wp\/v2\/users\/2"}],"replies":[{"embeddable":true,"href":"http:\/\/www.rafaxambo.net\/index.php?rest_route=%2Fwp%2Fv2%2Fcomments&post=824"}],"version-history":[{"count":3,"href":"http:\/\/www.rafaxambo.net\/index.php?rest_route=\/wp\/v2\/posts\/824\/revisions"}],"predecessor-version":[{"id":844,"href":"http:\/\/www.rafaxambo.net\/index.php?rest_route=\/wp\/v2\/posts\/824\/revisions\/844"}],"wp:featuredmedia":[{"embeddable":true,"href":"http:\/\/www.rafaxambo.net\/index.php?rest_route=\/wp\/v2\/media\/825"}],"wp:attachment":[{"href":"http:\/\/www.rafaxambo.net\/index.php?rest_route=%2Fwp%2Fv2%2Fmedia&parent=824"}],"wp:term":[{"taxonomy":"category","embeddable":true,"href":"http:\/\/www.rafaxambo.net\/index.php?rest_route=%2Fwp%2Fv2%2Fcategories&post=824"},{"taxonomy":"post_tag","embeddable":true,"href":"http:\/\/www.rafaxambo.net\/index.php?rest_route=%2Fwp%2Fv2%2Ftags&post=824"}],"curies":[{"name":"wp","href":"https:\/\/api.w.org\/{rel}","templated":true}]}}