{"id":839,"date":"2022-03-16T19:26:00","date_gmt":"2022-03-16T19:26:00","guid":{"rendered":"http:\/\/www.rafaxambo.net\/?p=839"},"modified":"2022-09-05T19:28:13","modified_gmt":"2022-09-05T19:28:13","slug":"20-anys-de-rafa-xambo-i-la-fusteria","status":"publish","type":"post","link":"http:\/\/www.rafaxambo.net\/?p=839","title":{"rendered":"20 ANYS DE RAFA XAMB\u00d3 I LA FUSTERIA"},"content":{"rendered":"\n<p><strong>La nit del 13 d\u2019abril de l\u2019any 2002 vaig tornar als escenaris despr\u00e9s de molts anys de silenci. L\u2019ultima actuaci\u00f3 meua de la primera \u00e8poca fou a l\u2019Aplec de la Plana, a Vila-real, a setembre de l\u2019any 1977. La cosa del meu retorn a la m\u00fasica fou una feli\u00e7 combinaci\u00f3 de circumst\u00e0ncies amb alguna empenta d\u2019\u00e0nim i una sorpresa pel gust enorme que em retrobava a les entranyes.<\/strong><\/p>\n\n\n\n<p>Feia uns mesos havia ajudat l\u2019amic Carles Carrasco, amb qui vaig reprendre a tocar la guitarra i em va ajudar molt a reaprendre, l\u2019havia ajudat, dic, a&nbsp; muntar un concert seu a Ca Revolta. En aquella concert, va estrenar&nbsp;<em>Xica d\u2019Alabama<\/em>&nbsp;i&nbsp;<em>Plou<\/em>, dues can\u00e7ons amb lletra meua. En acabar el concert, com \u00e9s habitual per rebaixar l\u2019adrenalina, ens vam beure unes copes all\u00e0 mateix i f\u00e9rem petar la conversa amb amics i coneguts mentre Carles atenia seguidors i aficionats. Fou llavors quan l\u2019estimada i enyorada Cristina Piris em va dir: \u201cRafa, i tu per a quan?\u201d Sense pensar-hi i en to de broma li vaig retrucar: jo? El dia de la Rep\u00fablica\u201d. I tal com ho vaig dir ho vaig oblidar.<\/p>\n\n\n\n<p>En aquella \u00e8poca, practicava un ritual que havia encetat feia uns mesos amb Carles i \u00c0lvar Carpi; cada diumenge venien a casa, jo feia la paella, din\u00e0vem amb els meus fills i, en havent dinat, tr\u00e8iem les guitarres i toc\u00e0vem i cant\u00e0vem mentre els xiquets jugaven a la Play Station sense volum. Unes setmanes abans del 14 d\u2019abril em va telefonar Cristina Piris per dir-me que tenia el 13 reservat per a la meua actuaci\u00f3. No vaig saber dir-li que no i, en aquells dies, va n\u00e0ixer Rafa Xamb\u00f3 i La Fusteria, amb Carles i \u00c0lvar a les guitarres. Intensific\u00e0rem els assajos, prepar\u00e0rem les poques can\u00e7ons noves que tenia, algunes versions de Lou Reed, Pino Danielle, Toti Soler, i vaig recuperar alguns temes meus de la primera \u00e8poca. Amb aix\u00f2 i les lletres que havia fet per a Carles, vaig enllestir el primer repertori de la segona \u00e8poca. Aquella primera nit fou molt emocionant amb la sala dels arcs plena de gom a gom. Quan es feren les dotze vam fer visques a la Rep\u00fablica i continu\u00e0rem tocant. Recorde Josep Vicent Marques a la tercera fila passant-ho d\u2019all\u00f2 m\u00e9s b\u00e9, l\u2019amic Maties Segura \u2013amb qui havia compartit concerts i aventures en els anys 70- que va venir a prop\u00f2sit de Castell\u00f3, Ignasi Duart, Carmen Sahuquillo, Alfons Cervera, Mariajo Algarra, Enric El Gato,&nbsp; i Toni Moll\u00e0, Marisa Bolta, Raquel Signes,&nbsp; Eva Dies, Eduard Ram\u00edrez, Joangre, Eva D\u00e9nia, Miquel Gil i Anna Codonyer, i molt especialment l\u2019estimat i enyorat amic Carles Barranco. El m\u00e9s seg\u00fcent vam enregistrar, en una sola nit de tocar i tocar, el disc&nbsp;<a href=\"https:\/\/rafaxambo.bandcamp.com\/album\/rafa-xamb-i-la-fusteria\"><em>7 ac\u00fastics<\/em><\/a>, amb el que vaig comen\u00e7ar novament una activitat art\u00edstica que creia abandonada per sempre.<\/p>\n\n\n\n<p>El proper 13 d\u2019abril tornarem a Ca Revolta i farem una gran part del repertori d\u2019aquell dia. Can\u00e7ons com La dona bruna, Naufragis, Maria Gr\u00e0cia, Platja de llum, Plou, Mariola, La Sirena, Meditaci\u00f3 \u00faltima, Sanremo\u2026 tornaran a sonar en el format ac\u00fastic i guitarrer de dos grans guitarristes que no han parat de cr\u00e8ixer en aquests anys,&nbsp;<a href=\"https:\/\/alvarcarpi.wixsite.com\/alvar-carpi\">\u00c0lvar Carpi<\/a>&nbsp;i&nbsp;<a href=\"http:\/\/www.comboirecords.com\/artistas\/carlos-carrasco\/\">Carles Carrasco<\/a>.<\/p>\n","protected":false},"excerpt":{"rendered":"<p>La nit del 13 d\u2019abril de l\u2019any 2002 vaig tornar als escenaris despr\u00e9s de molts anys de silenci. L\u2019ultima actuaci\u00f3 meua de la primera \u00e8poca fou a l\u2019Aplec de la Plana, a Vila-real, a setembre de l\u2019any 1977. La cosa del meu retorn a la&#8230;<\/p>\n","protected":false},"author":2,"featured_media":840,"comment_status":"open","ping_status":"open","sticky":false,"template":"","format":"standard","meta":[],"categories":[31],"tags":[],"_links":{"self":[{"href":"http:\/\/www.rafaxambo.net\/index.php?rest_route=\/wp\/v2\/posts\/839"}],"collection":[{"href":"http:\/\/www.rafaxambo.net\/index.php?rest_route=\/wp\/v2\/posts"}],"about":[{"href":"http:\/\/www.rafaxambo.net\/index.php?rest_route=\/wp\/v2\/types\/post"}],"author":[{"embeddable":true,"href":"http:\/\/www.rafaxambo.net\/index.php?rest_route=\/wp\/v2\/users\/2"}],"replies":[{"embeddable":true,"href":"http:\/\/www.rafaxambo.net\/index.php?rest_route=%2Fwp%2Fv2%2Fcomments&post=839"}],"version-history":[{"count":1,"href":"http:\/\/www.rafaxambo.net\/index.php?rest_route=\/wp\/v2\/posts\/839\/revisions"}],"predecessor-version":[{"id":841,"href":"http:\/\/www.rafaxambo.net\/index.php?rest_route=\/wp\/v2\/posts\/839\/revisions\/841"}],"wp:featuredmedia":[{"embeddable":true,"href":"http:\/\/www.rafaxambo.net\/index.php?rest_route=\/wp\/v2\/media\/840"}],"wp:attachment":[{"href":"http:\/\/www.rafaxambo.net\/index.php?rest_route=%2Fwp%2Fv2%2Fmedia&parent=839"}],"wp:term":[{"taxonomy":"category","embeddable":true,"href":"http:\/\/www.rafaxambo.net\/index.php?rest_route=%2Fwp%2Fv2%2Fcategories&post=839"},{"taxonomy":"post_tag","embeddable":true,"href":"http:\/\/www.rafaxambo.net\/index.php?rest_route=%2Fwp%2Fv2%2Ftags&post=839"}],"curies":[{"name":"wp","href":"https:\/\/api.w.org\/{rel}","templated":true}]}}