{"id":847,"date":"2022-10-07T22:37:00","date_gmt":"2022-10-07T22:37:00","guid":{"rendered":"http:\/\/www.rafaxambo.net\/?p=847"},"modified":"2022-10-13T22:53:57","modified_gmt":"2022-10-13T22:53:57","slug":"cantata-de-valencia","status":"publish","type":"post","link":"http:\/\/www.rafaxambo.net\/?p=847","title":{"rendered":"Nou disc: CANTATA DE VAL\u00c8NCIA"},"content":{"rendered":"\n<p align=\"center\"><iframe style=\"border: 0; width: 700px; height: 373px;\" src=\"https:\/\/bandcamp.com\/EmbeddedPlayer\/album=564880975\/size=large\/bgcol=ffffff\/linkcol=0687f5\/artwork=small\/transparent=true\/\" seamless><a href=\"https:\/\/rafaxambo.bandcamp.com\/album\/cantata-de-val-ncia\">CANTATA DE VAL\u00c8NCIA by Rafa Xamb\u00f3<\/a><\/iframe>\n\n\n\n<p><\/p>\n\n\n\n<h3>&#8220;<strong>Un recorregut emocional per la hist\u00f2ria cultural de la ciutat i del Pa\u00eds des dels anys 50 del segle XX fins al present.<\/strong>&#8220;<\/h3>\n\n\n\n<p><strong><em>CANTATA DE VAL\u00c8NCIA<\/em><\/strong>&nbsp;(Stanbrook, 2022).<\/p>\n\n\n\n<p>A penes un any despr\u00e9s del disc anterior,&nbsp;<em>La dansa d\u2019un temps nou<\/em>&nbsp;(Stanbrook, 2021), He tornat a l\u2019estudi per a enregistrar aquest cant a la ciutat de Val\u00e8ncia que esdev\u00e9 un treball unitari i singular en la meua producci\u00f3 art\u00edstica. Ara, a m\u00e9s, ho faig anunciant, per al 22 de desembre, un espectacle mest\u00eds que combina, teatre, poesia, dansa, acrob\u00e0cies, arts pl\u00e0stiques,&nbsp; audiovisuals i m\u00fasica. Un espectacle que compta amb la direcci\u00f3 esc\u00e8nica de la dramaturga&nbsp;<strong>Patr\u00edcia Pardo<\/strong>. L\u2019estrena ser\u00e0 al Teatre Principal de Val\u00e8ncia amb el patrocini de Teatres de la Diputaci\u00f3. Aquest setembre han comen\u00e7at els preparatius i assajos.<\/p>\n\n\n\n<p>Hi ha un sentiment molt present al m\u00f3n cultural valenci\u00e0 des de fa molts anys; la peculiar relaci\u00f3 d\u2019amor i odi que les persones que treballem a tots els \u00e0mbits de la cultura mantenim amb la ciutat de Val\u00e8ncia i, per extensi\u00f3, amb tota la seua \u00e0rea d\u2019influ\u00e8ncia i amb el conjunt del Pa\u00eds Valenci\u00e0 i tot.<\/p>\n\n\n\n<p>Potser no siga un tret particular\u00edssim de Val\u00e8ncia i siga m\u00e9s aviat una caracter\u00edstica en totes les societats provincianes, societats dependents que rebutgen el paper cr\u00edtic de la cultura. Es tracta de la secular subordinaci\u00f3 de les elits econ\u00f2miques i pol\u00edtiques al centralisme de l\u2019Estat i la malfian\u00e7a respecte dels intel\u00b7lectuals i artistes que poden al\u00e7ar la veu i posar en q\u00fcesti\u00f3 la seua hegemonia. \u00c9s tamb\u00e9 la llargu\u00edssima solitud de tants artistes valencians, amb l\u2019exili interior, sobretot durant la llarga nit del franquisme, per\u00f2 no nom\u00e9s, especialment per als qui fem la nostra obra en valenci\u00e0.<\/p>\n\n\n\n<p><strong>Ciutat estimada, amor impossible<\/strong><\/p>\n\n\n\n<p>Aquest \u00e9s el fonament que inspira la Cantata de Val\u00e8ncia. Un recorregut emocional per la hist\u00f2ria cultural de la ciutat i del Pa\u00eds des dels anys 50 del segle XX fins al present. Un homenatge als nostres escriptors i artistes que han viscut totes les tensions, ambival\u00e8ncies i angoixes amb ella: ciutat estimada, ciutat de la vergonya, Val\u00e8ncia devastada, ciutat bagassa dels dies ins\u00f2lits, ciutat fantasma, amor impossible, male\u00efda ciutat meua, ciutat ferida, ciutat bombardejada, mare dolguda.<\/p>\n\n\n\n<p>Cante a Val\u00e8ncia amb Joan Fuster i Vicent Andr\u00e9s Estell\u00e9s, Ausi\u00e0s March,&nbsp; Andreu Alfaro i Vicent Ventura, Jaume P\u00e9rez-Montaner, Maria Fullana, Salvador J\u00e0fer, Marc Granell, Enric S\u00f2ria, \u00c0ngels Gregori, Francesc Viadel, Maria Josep Escriv\u00e0, Isabel Garcia Canet, Txema Mart\u00ednez, Vicent Alonso i Francesc P\u00e9rez Morag\u00f3n, Blasco Ib\u00e1\u00f1ez, Miquel Duran de Val\u00e8ncia, Raimon i Maria Beneyto. Aquestes s\u00f3n les fonts d\u2019inspiraci\u00f3 per mitj\u00e0 de les quals he escrit i compost la Cantata de Val\u00e8ncia: un sentit i contradictori homenatge a la ciutat i la seua gent.<\/p>\n\n\n\n<p>Al disc hi ha set peces musicals, una obertura pian\u00edstica i sis peces cantades:<\/p>\n\n\n\n<p>1.- Obertura trista d\u2019una nit d\u2019estiu de 1957 (Salva V\u00e1zquez)<\/p>\n\n\n\n<p>2.- La repressi\u00f3 (Rafa Xamb\u00f3)<\/p>\n\n\n\n<p>3.- L\u2019euf\u00f2ria (Rafa Xamb\u00f3)<\/p>\n\n\n\n<p>4.- Amistat i mem\u00f2ria (Rafa Xamb\u00f3)<\/p>\n\n\n\n<p>5.- Amors impossibles (Enric S\u00f2ria \/ Rafa Xamb\u00f3)<\/p>\n\n\n\n<p>6.- Degradaci\u00f3 (Enric S\u00f2ria \/ Rafa Xamb\u00f3)<\/p>\n\n\n\n<p>7.- L\u2019esperan\u00e7a (Rafa Xamb\u00f3)<\/p>\n\n\n\n<p>Cal subratllar la destacada participaci\u00f3 de dones en el disc com podeu comprovar en els cr\u00e8dits. Vuit dones i tres homes.<\/p>\n\n\n\n<p><strong>Cr\u00e8dits Cantata de Val\u00e8ncia<\/strong><\/p>\n\n\n\n<p>Rafa Xamb\u00f3: veu i cors<\/p>\n\n\n\n<p>Karla Fos: veu i cors<\/p>\n\n\n\n<p>Salva V\u00e1zquez: piano i teclats<\/p>\n\n\n\n<p>\u00c0lvar Carpi: guitarra dotze cordes, cl\u00e0ssica i el\u00e8ctrica<\/p>\n\n\n\n<p>Luc\u00eda Zambudio: guitarra el\u00e8ctrica<\/p>\n\n\n\n<p>Maria L\u00f3pez Menadas: baix el\u00e8ctric<\/p>\n\n\n\n<p>Eva Catal\u00e0: bateria<\/p>\n\n\n\n<p>X\u00faquer String Quartet:<\/p>\n\n\n\n<p>Violeta Rosell Mart\u00edn: primer viol\u00ed<\/p>\n\n\n\n<p>Carmen Maria Peris Llobregat: segon viol\u00ed<\/p>\n\n\n\n<p>Elisa Garc\u00eda Sospedra: viola<\/p>\n\n\n\n<p>Maria Pons G\u00f3mez: violoncel<\/p>\n\n\n\n<p>Producci\u00f3 musical: Salva V\u00e1zquez i Rafa Xamb\u00f3<\/p>\n\n\n\n<p>Mesclat i masteritzat per Facundo Novo a Novoestudios.com<\/p>\n\n\n\n<p>Disseny gr\u00e0fic: C\u00e8sar Amiguet<\/p>\n\n\n\n<p>Editat per Stanbrook<\/p>\n\n\n\n<p>Amb el suport de l\u2019IVC<\/p>\n\n\n\n<p><strong>Disponible a 80 plataformes digitals:<\/strong><\/p>\n\n\n\n<p><strong>Deezer, iTunes\/Apple, Spotify, 7 Digital, AllSaints Music Group, AudibleMagic, Audiomack, Boomplay, Bugs Corporation, Fan Powered Music, Fizy, Genie Music, Huawei, iHeartRadio, Library Ideas \/ Freegal, Mondia Media, Napster, Pandora, Phononet, Red Touch Media, Shazam, Simfy Africa, Stellar Entertainment, Tencent Music, TikTok, Touchtunes,&nbsp; YouTube Art Tracks and Music Videos, Zed Russia, Zvooq, entre altres. &nbsp;<\/strong><\/p>\n","protected":false},"excerpt":{"rendered":"<p>CANTATA DE VAL\u00c8NCIA by Rafa Xamb\u00f3 &#8220;Un recorregut emocional per la hist\u00f2ria cultural de la ciutat i del Pa\u00eds des dels anys 50 del segle XX fins al present.&#8220; CANTATA DE VAL\u00c8NCIA&nbsp;(Stanbrook, 2022). A penes un any despr\u00e9s del disc anterior,&nbsp;La dansa d\u2019un temps nou&nbsp;(Stanbrook,&#8230;<\/p>\n","protected":false},"author":2,"featured_media":859,"comment_status":"open","ping_status":"open","sticky":false,"template":"","format":"standard","meta":[],"categories":[44,32],"tags":[],"_links":{"self":[{"href":"http:\/\/www.rafaxambo.net\/index.php?rest_route=\/wp\/v2\/posts\/847"}],"collection":[{"href":"http:\/\/www.rafaxambo.net\/index.php?rest_route=\/wp\/v2\/posts"}],"about":[{"href":"http:\/\/www.rafaxambo.net\/index.php?rest_route=\/wp\/v2\/types\/post"}],"author":[{"embeddable":true,"href":"http:\/\/www.rafaxambo.net\/index.php?rest_route=\/wp\/v2\/users\/2"}],"replies":[{"embeddable":true,"href":"http:\/\/www.rafaxambo.net\/index.php?rest_route=%2Fwp%2Fv2%2Fcomments&post=847"}],"version-history":[{"count":8,"href":"http:\/\/www.rafaxambo.net\/index.php?rest_route=\/wp\/v2\/posts\/847\/revisions"}],"predecessor-version":[{"id":869,"href":"http:\/\/www.rafaxambo.net\/index.php?rest_route=\/wp\/v2\/posts\/847\/revisions\/869"}],"wp:featuredmedia":[{"embeddable":true,"href":"http:\/\/www.rafaxambo.net\/index.php?rest_route=\/wp\/v2\/media\/859"}],"wp:attachment":[{"href":"http:\/\/www.rafaxambo.net\/index.php?rest_route=%2Fwp%2Fv2%2Fmedia&parent=847"}],"wp:term":[{"taxonomy":"category","embeddable":true,"href":"http:\/\/www.rafaxambo.net\/index.php?rest_route=%2Fwp%2Fv2%2Fcategories&post=847"},{"taxonomy":"post_tag","embeddable":true,"href":"http:\/\/www.rafaxambo.net\/index.php?rest_route=%2Fwp%2Fv2%2Ftags&post=847"}],"curies":[{"name":"wp","href":"https:\/\/api.w.org\/{rel}","templated":true}]}}